{"id":12356,"date":"2020-01-21T19:24:51","date_gmt":"2020-01-21T19:24:51","guid":{"rendered":"https:\/\/idoloasis.pt\/?p=12356"},"modified":"2020-01-21T19:25:47","modified_gmt":"2020-01-21T19:25:47","slug":"12356","status":"publish","type":"post","link":"https:\/\/idoloasis.pt\/en\/12356\/","title":{"rendered":"Edi Semedo marca de cabe\u00e7a e d\u00e1 vit\u00f3ria ao Belenenses U23!!"},"content":{"rendered":"<p><span class=\"_5mfr\"><span class=\"_6qdm\">\ud83c\uddf5\ud83c\uddf9<\/span><\/span>\u00a0GOLO| Edi Semedo fez 1 golo frente ao Famalic\u00e3o U23<\/p>\n<p><span class=\"_5mfr\"><span class=\"_6qdm\">\ud83c\uddec\ud83c\udde7<\/span><\/span>\u00a0GOAL| Edi Semedo made 1 goal against Famalic\u00e3o U23<\/p>\n<p>&nbsp;<\/p>\n<p><a href=\"https:\/\/youtu.be\/p_oKjQCzvGs\">Para ver o v\u00eddeo clique aqui<\/a><\/p>\n","protected":false},"excerpt":{"rendered":"<p>\ud83c\uddf5\ud83c\uddf9\u00a0GOLO| Edi Semedo fez 1 golo frente ao Famalic\u00e3o U23 \ud83c\uddec\ud83c\udde7\u00a0GOAL| Edi Semedo made 1 goal against Famalic\u00e3o U23 &nbsp; Para ver o v\u00eddeo clique aqui<\/p>\n","protected":false},"author":2,"featured_media":12357,"comment_status":"open","ping_status":"open","sticky":false,"template":"","format":"standard","meta":{"footnotes":""},"categories":[1],"tags":[],"class_list":["post-12356","post","type-post","status-publish","format-standard","has-post-thumbnail","hentry","category-sem-categoria"],"acf":[],"_links":{"self":[{"href":"https:\/\/idoloasis.pt\/en\/wp-json\/wp\/v2\/posts\/12356","targetHints":{"allow":["GET"]}}],"collection":[{"href":"https:\/\/idoloasis.pt\/en\/wp-json\/wp\/v2\/posts"}],"about":[{"href":"https:\/\/idoloasis.pt\/en\/wp-json\/wp\/v2\/types\/post"}],"author":[{"embeddable":true,"href":"https:\/\/idoloasis.pt\/en\/wp-json\/wp\/v2\/users\/2"}],"replies":[{"embeddable":true,"href":"https:\/\/idoloasis.pt\/en\/wp-json\/wp\/v2\/comments?post=12356"}],"version-history":[{"count":0,"href":"https:\/\/idoloasis.pt\/en\/wp-json\/wp\/v2\/posts\/12356\/revisions"}],"wp:featuredmedia":[{"embeddable":true,"href":"https:\/\/idoloasis.pt\/en\/wp-json\/wp\/v2\/media\/12357"}],"wp:attachment":[{"href":"https:\/\/idoloasis.pt\/en\/wp-json\/wp\/v2\/media?parent=12356"}],"wp:term":[{"taxonomy":"category","embeddable":true,"href":"https:\/\/idoloasis.pt\/en\/wp-json\/wp\/v2\/categories?post=12356"},{"taxonomy":"post_tag","embeddable":true,"href":"https:\/\/idoloasis.pt\/en\/wp-json\/wp\/v2\/tags?post=12356"}],"curies":[{"name":"wp","href":"https:\/\/api.w.org\/{rel}","templated":true}]}}