{"id":18357,"date":"2021-09-27T14:16:37","date_gmt":"2021-09-27T14:16:37","guid":{"rendered":"https:\/\/idoloasis.pt\/?p=18357"},"modified":"2021-09-27T14:17:17","modified_gmt":"2021-09-27T14:17:17","slug":"diploma-joao-conceicao-2","status":"publish","type":"post","link":"https:\/\/idoloasis.pt\/en\/diploma-joao-conceicao-2\/","title":{"rendered":"DIPLOMA | Jo\u00e3o Concei\u00e7\u00e3o"},"content":{"rendered":"<p>Jo\u00e3o Concei\u00e7\u00e3o at SL Benfica honor board.<\/p>\n","protected":false},"excerpt":{"rendered":"<p>Jo\u00e3o Concei\u00e7\u00e3o at SL Benfica honor board.<\/p>\n","protected":false},"author":2,"featured_media":18355,"comment_status":"open","ping_status":"open","sticky":false,"template":"","format":"standard","meta":{"footnotes":""},"categories":[11],"tags":[192,1263,138,83,1264,531],"class_list":["post-18357","post","type-post","status-publish","format-standard","has-post-thumbnail","hentry","category-uncategorized","tag-benfica-en","tag-honra-en","tag-idoloasis-en","tag-idoloasisfutebol-en","tag-quadro-en","tag-slb-en"],"acf":[],"_links":{"self":[{"href":"https:\/\/idoloasis.pt\/en\/wp-json\/wp\/v2\/posts\/18357","targetHints":{"allow":["GET"]}}],"collection":[{"href":"https:\/\/idoloasis.pt\/en\/wp-json\/wp\/v2\/posts"}],"about":[{"href":"https:\/\/idoloasis.pt\/en\/wp-json\/wp\/v2\/types\/post"}],"author":[{"embeddable":true,"href":"https:\/\/idoloasis.pt\/en\/wp-json\/wp\/v2\/users\/2"}],"replies":[{"embeddable":true,"href":"https:\/\/idoloasis.pt\/en\/wp-json\/wp\/v2\/comments?post=18357"}],"version-history":[{"count":0,"href":"https:\/\/idoloasis.pt\/en\/wp-json\/wp\/v2\/posts\/18357\/revisions"}],"wp:featuredmedia":[{"embeddable":true,"href":"https:\/\/idoloasis.pt\/en\/wp-json\/wp\/v2\/media\/18355"}],"wp:attachment":[{"href":"https:\/\/idoloasis.pt\/en\/wp-json\/wp\/v2\/media?parent=18357"}],"wp:term":[{"taxonomy":"category","embeddable":true,"href":"https:\/\/idoloasis.pt\/en\/wp-json\/wp\/v2\/categories?post=18357"},{"taxonomy":"post_tag","embeddable":true,"href":"https:\/\/idoloasis.pt\/en\/wp-json\/wp\/v2\/tags?post=18357"}],"curies":[{"name":"wp","href":"https:\/\/api.w.org\/{rel}","templated":true}]}}