{"id":18698,"date":"2021-11-09T09:43:30","date_gmt":"2021-11-09T09:43:30","guid":{"rendered":"https:\/\/idoloasis.pt\/?p=18698"},"modified":"2021-11-09T09:44:12","modified_gmt":"2021-11-09T09:44:12","slug":"selected-joao-conceicao","status":"publish","type":"post","link":"https:\/\/idoloasis.pt\/en\/selected-joao-conceicao\/","title":{"rendered":"SELECTED| JO\u00c3O CONCEI\u00c7\u00c3O"},"content":{"rendered":"<p>JO\u00c3O CONCEI\u00c7\u00c3O called up for Portugal National Team U17.<\/p>\n","protected":false},"excerpt":{"rendered":"<p>JO\u00c3O CONCEI\u00c7\u00c3O called up for Portugal National Team U17.<\/p>\n","protected":false},"author":2,"featured_media":18696,"comment_status":"open","ping_status":"open","sticky":false,"template":"","format":"standard","meta":{"footnotes":""},"categories":[11],"tags":[138,83,919,369],"class_list":["post-18698","post","type-post","status-publish","format-standard","has-post-thumbnail","hentry","category-uncategorized","tag-idoloasis-en","tag-idoloasisfutebol-en","tag-international-en","tag-portugal"],"acf":[],"_links":{"self":[{"href":"https:\/\/idoloasis.pt\/en\/wp-json\/wp\/v2\/posts\/18698","targetHints":{"allow":["GET"]}}],"collection":[{"href":"https:\/\/idoloasis.pt\/en\/wp-json\/wp\/v2\/posts"}],"about":[{"href":"https:\/\/idoloasis.pt\/en\/wp-json\/wp\/v2\/types\/post"}],"author":[{"embeddable":true,"href":"https:\/\/idoloasis.pt\/en\/wp-json\/wp\/v2\/users\/2"}],"replies":[{"embeddable":true,"href":"https:\/\/idoloasis.pt\/en\/wp-json\/wp\/v2\/comments?post=18698"}],"version-history":[{"count":0,"href":"https:\/\/idoloasis.pt\/en\/wp-json\/wp\/v2\/posts\/18698\/revisions"}],"wp:featuredmedia":[{"embeddable":true,"href":"https:\/\/idoloasis.pt\/en\/wp-json\/wp\/v2\/media\/18696"}],"wp:attachment":[{"href":"https:\/\/idoloasis.pt\/en\/wp-json\/wp\/v2\/media?parent=18698"}],"wp:term":[{"taxonomy":"category","embeddable":true,"href":"https:\/\/idoloasis.pt\/en\/wp-json\/wp\/v2\/categories?post=18698"},{"taxonomy":"post_tag","embeddable":true,"href":"https:\/\/idoloasis.pt\/en\/wp-json\/wp\/v2\/tags?post=18698"}],"curies":[{"name":"wp","href":"https:\/\/api.w.org\/{rel}","templated":true}]}}