{"id":19841,"date":"2022-07-06T16:38:56","date_gmt":"2022-07-06T16:38:56","guid":{"rendered":"https:\/\/idoloasis.pt\/?p=19841"},"modified":"2022-07-06T16:39:49","modified_gmt":"2022-07-06T16:39:49","slug":"transfer-joao-felix","status":"publish","type":"post","link":"https:\/\/idoloasis.pt\/en\/transfer-joao-felix\/","title":{"rendered":"TRANSFER | JO\u00c3O F\u00c9LIX"},"content":{"rendered":"<p>Jo\u00e3o F\u00e9lix signs contract with S.L. Benfica for the U23 \u270d\ufe0f Idoloa\u0301sis Futebol wishes him and the club the best luck.<\/p>\n","protected":false},"excerpt":{"rendered":"<p>Jo\u00e3o F\u00e9lix signs contract with S.L. Benfica for the U23 \u270d\ufe0f Idoloa\u0301sis Futebol wishes him and the club the best luck.<\/p>\n","protected":false},"author":2,"featured_media":19806,"comment_status":"open","ping_status":"open","sticky":false,"template":"","format":"standard","meta":{"footnotes":""},"categories":[11],"tags":[],"class_list":["post-19841","post","type-post","status-publish","format-standard","has-post-thumbnail","hentry","category-uncategorized"],"acf":[],"_links":{"self":[{"href":"https:\/\/idoloasis.pt\/en\/wp-json\/wp\/v2\/posts\/19841","targetHints":{"allow":["GET"]}}],"collection":[{"href":"https:\/\/idoloasis.pt\/en\/wp-json\/wp\/v2\/posts"}],"about":[{"href":"https:\/\/idoloasis.pt\/en\/wp-json\/wp\/v2\/types\/post"}],"author":[{"embeddable":true,"href":"https:\/\/idoloasis.pt\/en\/wp-json\/wp\/v2\/users\/2"}],"replies":[{"embeddable":true,"href":"https:\/\/idoloasis.pt\/en\/wp-json\/wp\/v2\/comments?post=19841"}],"version-history":[{"count":0,"href":"https:\/\/idoloasis.pt\/en\/wp-json\/wp\/v2\/posts\/19841\/revisions"}],"wp:featuredmedia":[{"embeddable":true,"href":"https:\/\/idoloasis.pt\/en\/wp-json\/wp\/v2\/media\/19806"}],"wp:attachment":[{"href":"https:\/\/idoloasis.pt\/en\/wp-json\/wp\/v2\/media?parent=19841"}],"wp:term":[{"taxonomy":"category","embeddable":true,"href":"https:\/\/idoloasis.pt\/en\/wp-json\/wp\/v2\/categories?post=19841"},{"taxonomy":"post_tag","embeddable":true,"href":"https:\/\/idoloasis.pt\/en\/wp-json\/wp\/v2\/tags?post=19841"}],"curies":[{"name":"wp","href":"https:\/\/api.w.org\/{rel}","templated":true}]}}