{"id":2424,"date":"2017-07-31T22:54:06","date_gmt":"2017-07-31T22:54:06","guid":{"rendered":"https:\/\/idoloasis.pt\/?p=2424\/"},"modified":"2017-07-31T23:03:58","modified_gmt":"2017-07-31T23:03:58","slug":"atleta-idoloasis-jorginho-reforca-gd-chaves-por-emprestimo","status":"publish","type":"post","link":"https:\/\/idoloasis.pt\/en\/atleta-idoloasis-jorginho-reforca-gd-chaves-por-emprestimo\/","title":{"rendered":"Atleta Idolo\u00e1sis Jorginho refor\u00e7a GD Chaves por empr\u00e9stimo"},"content":{"rendered":"<p><a href=\"http:\/\/www.record.pt\/futebol\/futebol-nacional\/liga-nos\/chaves\/detalhe\/oficial-jorginho-reforcaflavienses.html\"><img loading=\"lazy\" decoding=\"async\" class=\"alignnone size-medium wp-image-2426\" src=\"https:\/\/idoloasis.pt\/wp-content\/uploads\/2017\/07\/2017-07-31-PHOTO-00002185-225x300.jpg\" alt=\"\" width=\"225\" height=\"300\" srcset=\"https:\/\/idoloasis.pt\/wp-content\/uploads\/2017\/07\/2017-07-31-PHOTO-00002185-225x300.jpg 225w, https:\/\/idoloasis.pt\/wp-content\/uploads\/2017\/07\/2017-07-31-PHOTO-00002185-768x1024.jpg 768w, https:\/\/idoloasis.pt\/wp-content\/uploads\/2017\/07\/2017-07-31-PHOTO-00002185-640x853.jpg 640w, https:\/\/idoloasis.pt\/wp-content\/uploads\/2017\/07\/2017-07-31-PHOTO-00002185-1024x1365.jpg 1024w, https:\/\/idoloasis.pt\/wp-content\/uploads\/2017\/07\/2017-07-31-PHOTO-00002185.jpg 1200w\" sizes=\"auto, (max-width: 639px) 98vw, (max-width: 1199px) 64vw, 225px\" \/><\/a><\/p>\n<p>Jorginho \u00e9 refor\u00e7o do Chaves para a nova temporada, por empr\u00e9stimo do Saint-\u00c9tienne.<\/p>\n<p>Recorde-se que Jorginho fez a maior parte da sua forma\u00e7\u00e3o no Manchester City e esteve emprestado ao Arouca durante a segunda metade da \u00faltima temporada.<\/p>\n","protected":false},"excerpt":{"rendered":"<p>Jorginho \u00e9 refor\u00e7o do Chaves para a nova temporada, por empr\u00e9stimo do Saint-\u00c9tienne. Recorde-se que Jorginho fez a maior parte da sua forma\u00e7\u00e3o no Manchester City e esteve emprestado ao Arouca durante a segunda metade da \u00faltima temporada.<\/p>\n","protected":false},"author":2,"featured_media":2430,"comment_status":"open","ping_status":"open","sticky":false,"template":"","format":"standard","meta":{"footnotes":""},"categories":[22],"tags":[],"class_list":["post-2424","post","type-post","status-publish","format-standard","has-post-thumbnail","hentry","category-noticias"],"acf":[],"_links":{"self":[{"href":"https:\/\/idoloasis.pt\/en\/wp-json\/wp\/v2\/posts\/2424","targetHints":{"allow":["GET"]}}],"collection":[{"href":"https:\/\/idoloasis.pt\/en\/wp-json\/wp\/v2\/posts"}],"about":[{"href":"https:\/\/idoloasis.pt\/en\/wp-json\/wp\/v2\/types\/post"}],"author":[{"embeddable":true,"href":"https:\/\/idoloasis.pt\/en\/wp-json\/wp\/v2\/users\/2"}],"replies":[{"embeddable":true,"href":"https:\/\/idoloasis.pt\/en\/wp-json\/wp\/v2\/comments?post=2424"}],"version-history":[{"count":0,"href":"https:\/\/idoloasis.pt\/en\/wp-json\/wp\/v2\/posts\/2424\/revisions"}],"wp:featuredmedia":[{"embeddable":true,"href":"https:\/\/idoloasis.pt\/en\/wp-json\/wp\/v2\/media\/2430"}],"wp:attachment":[{"href":"https:\/\/idoloasis.pt\/en\/wp-json\/wp\/v2\/media?parent=2424"}],"wp:term":[{"taxonomy":"category","embeddable":true,"href":"https:\/\/idoloasis.pt\/en\/wp-json\/wp\/v2\/categories?post=2424"},{"taxonomy":"post_tag","embeddable":true,"href":"https:\/\/idoloasis.pt\/en\/wp-json\/wp\/v2\/tags?post=2424"}],"curies":[{"name":"wp","href":"https:\/\/api.w.org\/{rel}","templated":true}]}}