{"id":3373,"date":"2017-11-23T20:34:52","date_gmt":"2017-11-23T20:34:52","guid":{"rendered":"https:\/\/idoloasis.pt\/?p=3373\/"},"modified":"2017-11-23T20:34:52","modified_gmt":"2017-11-23T20:34:52","slug":"atleta-idoloasis-goncalo-ramos-convocado-para-o-estagio-da-selecao-de-portugal-sub-17","status":"publish","type":"post","link":"https:\/\/idoloasis.pt\/en\/atleta-idoloasis-goncalo-ramos-convocado-para-o-estagio-da-selecao-de-portugal-sub-17\/","title":{"rendered":"Atleta Idolo\u00e1sis Gon\u00e7alo Ramos convocado para o est\u00e1gio da Sele\u00e7\u00e3o de Portugal Sub-17"},"content":{"rendered":"<p>A Sele\u00e7\u00e3o Nacional sub-17 vai voltar a somar mais um est\u00e1gio de prepara\u00e7\u00e3o na Cidade do Futebol.<\/p>\n<p>Rui Bento, Treinador Nacional, chamou 29 jogadores para os trabalhos que se ir\u00e3o realizar entre os dias 27 e 29 de Novembro, nos relvados da sede da FPF. Entre os quais, est\u00e1 mais uma vez o nome de Gon\u00e7alo Ramos.<\/p>\n<p>Importante referir que a forma\u00e7\u00e3o lusa, devido aos bons resultados acumulados nas anteriores edi\u00e7\u00f5es, n\u00e3o realiza a primeira fase de apuramento para o Euro-2018, passando diretamente \u00e0 Ronda de Elite.<\/p>\n<p>Eis a lista de convocados:<\/p>\n<p>Benfica: Henrique Jocu, Jo\u00e3o Monteiro, Bernardo Silva, Daniel Martins, Francisco Saldanha, <strong>Gon\u00e7alo Ramos<\/strong>, Jair Tavares, Nuno Cunha, Ronaldo Camar\u00e1, Sandro Cruz, Tom\u00e1s Tavares e Umaro Embal\u00f3;<br \/>\nPa\u00e7os Ferreira: Gon\u00e7alo Tabua\u00e7o;<br \/>\nFC Porto: F\u00e1bio Silva, Francisco Meixedo, Rafael Pereira, Rodrigo Valente e Tiago Matos;<br \/>\nGrasshopper CZ: Felipe Borges;<br \/>\nSC Braga: Bruno Carvalho, Bruno Rodrigues e Eduardo Ribeiro;<br \/>\nSporting: Carlos Silva, Eduardo Quaresma, F\u00e9lix Correia, Hugo Cunha, Rodrigo Fernandes e Sameu Lobato;<br \/>\nVFL Bochum 1848: Marcelo Rebelo.<\/p>\n<p>Programa da Sele\u00e7\u00e3o Nacional sub-17:<\/p>\n<p>27 de novembro de 2017 | segunda-feira<br \/>\n14h30: Concentra\u00e7\u00e3o<br \/>\n16h00: treino na Cidade do Futebol &#8211; aberto ao p\u00fablico<\/p>\n<p>28 de novembro de 2017 | ter\u00e7a-feira<br \/>\n10h00: treino na Cidade do Futebol<br \/>\n17h00: treino na Cidade do Futebol<\/p>\n<p>29 de novembro de 2017 | quarta-feira<br \/>\n10h00: treino na Cidade do Futebol<br \/>\n16h30: treino na Cidade do Futebol<\/p>\n<p>&nbsp;<\/p>\n<p>Fonte: <a href=\"http:\/\/www.fpf.pt\/pt\/News\/Todas-as-not%C3%ADcias\/Not%C3%ADcia\/news\/14042\" target=\"_blank\" rel=\"noopener noreferrer\">FPF<\/a><\/p>\n","protected":false},"excerpt":{"rendered":"<p>A Sele\u00e7\u00e3o Nacional sub-17 vai voltar a somar mais um est\u00e1gio de prepara\u00e7\u00e3o na Cidade do Futebol. Rui Bento, Treinador Nacional, chamou 29 jogadores para os trabalhos que se ir\u00e3o realizar entre os dias 27 e 29 de Novembro, nos relvados da sede da FPF. Entre os quais, est\u00e1 mais uma vez o nome de [&hellip;]<\/p>\n","protected":false},"author":3,"featured_media":3374,"comment_status":"open","ping_status":"open","sticky":false,"template":"","format":"standard","meta":{"footnotes":""},"categories":[22],"tags":[],"class_list":["post-3373","post","type-post","status-publish","format-standard","has-post-thumbnail","hentry","category-noticias"],"acf":[],"_links":{"self":[{"href":"https:\/\/idoloasis.pt\/en\/wp-json\/wp\/v2\/posts\/3373","targetHints":{"allow":["GET"]}}],"collection":[{"href":"https:\/\/idoloasis.pt\/en\/wp-json\/wp\/v2\/posts"}],"about":[{"href":"https:\/\/idoloasis.pt\/en\/wp-json\/wp\/v2\/types\/post"}],"author":[{"embeddable":true,"href":"https:\/\/idoloasis.pt\/en\/wp-json\/wp\/v2\/users\/3"}],"replies":[{"embeddable":true,"href":"https:\/\/idoloasis.pt\/en\/wp-json\/wp\/v2\/comments?post=3373"}],"version-history":[{"count":0,"href":"https:\/\/idoloasis.pt\/en\/wp-json\/wp\/v2\/posts\/3373\/revisions"}],"wp:featuredmedia":[{"embeddable":true,"href":"https:\/\/idoloasis.pt\/en\/wp-json\/wp\/v2\/media\/3374"}],"wp:attachment":[{"href":"https:\/\/idoloasis.pt\/en\/wp-json\/wp\/v2\/media?parent=3373"}],"wp:term":[{"taxonomy":"category","embeddable":true,"href":"https:\/\/idoloasis.pt\/en\/wp-json\/wp\/v2\/categories?post=3373"},{"taxonomy":"post_tag","embeddable":true,"href":"https:\/\/idoloasis.pt\/en\/wp-json\/wp\/v2\/tags?post=3373"}],"curies":[{"name":"wp","href":"https:\/\/api.w.org\/{rel}","templated":true}]}}