{"id":3491,"date":"2017-12-08T17:01:14","date_gmt":"2017-12-08T17:01:14","guid":{"rendered":"https:\/\/idoloasis.pt\/?p=3491\/"},"modified":"2017-12-08T17:01:14","modified_gmt":"2017-12-08T17:01:14","slug":"atletas-idoloasis-romario-baro-e-joao-goulart-convocados-para-o-estagio-de-preparacao-da-selecao-sub-18-de-portugal","status":"publish","type":"post","link":"https:\/\/idoloasis.pt\/en\/atletas-idoloasis-romario-baro-e-joao-goulart-convocados-para-o-estagio-de-preparacao-da-selecao-sub-18-de-portugal\/","title":{"rendered":"Atletas Idolo\u00e1sis Rom\u00e1rio Bar\u00f3 e Jo\u00e3o Goulart convocados para o est\u00e1gio de prepara\u00e7\u00e3o da Sele\u00e7\u00e3o Sub-18 de Portugal"},"content":{"rendered":"<p>A Sele\u00e7\u00e3o Nacional sub-18 vai realizar mais um est\u00e1gio de prepara\u00e7\u00e3o nesta \u00e9poca desportiva. Filipe Ramos, Treinador Nacional, divulgou esta quinta-feira a lista de convocados para os trabalhos de prepara\u00e7\u00e3o que ir\u00e3o ter lugar no Centro de Est\u00e1gios de Rio Maior, entre os dias 11 e 13 de Dezembro. Entre os nomes escolhidos, voltam a estar dois atletas Idolo\u00e1sis: Rom\u00e1rio Bar\u00f3 e Jo\u00e3o Goulart.<\/p>\n<p>A Equipa das Quinas ir\u00e1 concentrar-se na pr\u00f3xima segunda-feira, efetuando quatro treinos e um jogo-treino, diante do AC Marinhense, no Est\u00e1dio Municipal de Rio Maior.<\/p>\n<p>Eis a lista de convocados:<\/p>\n<p>AS Nancy: Th\u00e9o Fonseca;<br \/>\nAtalanta Bergamasca: Ant\u00f3nio Gomes;<br \/>\nBenfica SAD: Rodrigo Concei\u00e7\u00e3o e Nuno Tavares;<br \/>\nBoavista: Lu\u00eds Santos;<br \/>\nChelsea FC: Marcel Lavinier;<br \/>\nChamois Niortais FC: Thomas Queir\u00f3s;<br \/>\nFC Porto SAD: Afonso Sousa, F\u00e1bio Vieira, Jo\u00e3o M\u00e1rio, Pedro Justiniano, <strong>Rom\u00e1rio Bar\u00f3<\/strong> e V\u00edtor Ferreira;<br \/>\nGrasshoppper CZ: Andr\u00e9 Barbosa;<br \/>\nRio Ave FC: Jo\u00e3o Costa;<br \/>\nSporting SAD: Tiago Rodrigues, Babacar Fati, Diogo Br\u00e1s e <strong>Jo\u00e3o Goulart<\/strong>;<br \/>\nUD Leiria SAD: Leonardo Ferreira;<br \/>\nVit\u00f3ria FC: Baba Fernandes, Daniel Silva, Jo\u00e3o Valido e Tom\u00e1s Azevedo;<br \/>\nVit\u00f3ria SC: Andr\u00e9 Almeida.<\/p>\n<p>Programa de treinos:<br \/>\n11.12.2017 | segunda-feira<br \/>\n15h00 &#8211; Concentra\u00e7\u00e3o em Rio Maior<br \/>\n16h15 &#8211; Treino &#8211; Centro de Est\u00e1gios de Rio Maior<\/p>\n<p>12.12.2017 | ter\u00e7a-feira<br \/>\n10h00 &#8211; Treino &#8211; Centro de Est\u00e1gios de Rio Maior<br \/>\n16h15 &#8211; Treino &#8211; Centro de Est\u00e1gios de Rio Maior<\/p>\n<p>13.12.2017 | quarta-feira<br \/>\n10h00 &#8211; Treino &#8211; Centro de Est\u00e1gios de Rio Maior<br \/>\n15h30 &#8211; Jogo-treino &#8211; Sele\u00e7\u00e3o Nacional sub-18 vs. AC Marinhense (Est\u00e1dio Municipal Rio Maior)<\/p>\n<p>&nbsp;<\/p>\n<p>Fonte: <a href=\"http:\/\/www.fpf.pt\/pt\/News\/Todas-as-not%C3%ADcias\/Not%C3%ADcia\/news\/14183\" target=\"_blank\" rel=\"noopener noreferrer\">FPF<\/a><\/p>\n","protected":false},"excerpt":{"rendered":"<p>A Sele\u00e7\u00e3o Nacional sub-18 vai realizar mais um est\u00e1gio de prepara\u00e7\u00e3o nesta \u00e9poca desportiva. Filipe Ramos, Treinador Nacional, divulgou esta quinta-feira a lista de convocados para os trabalhos de prepara\u00e7\u00e3o que ir\u00e3o ter lugar no Centro de Est\u00e1gios de Rio Maior, entre os dias 11 e 13 de Dezembro. Entre os nomes escolhidos, voltam a [&hellip;]<\/p>\n","protected":false},"author":3,"featured_media":3492,"comment_status":"open","ping_status":"open","sticky":false,"template":"","format":"standard","meta":{"footnotes":""},"categories":[22],"tags":[],"class_list":["post-3491","post","type-post","status-publish","format-standard","has-post-thumbnail","hentry","category-noticias"],"acf":[],"_links":{"self":[{"href":"https:\/\/idoloasis.pt\/en\/wp-json\/wp\/v2\/posts\/3491","targetHints":{"allow":["GET"]}}],"collection":[{"href":"https:\/\/idoloasis.pt\/en\/wp-json\/wp\/v2\/posts"}],"about":[{"href":"https:\/\/idoloasis.pt\/en\/wp-json\/wp\/v2\/types\/post"}],"author":[{"embeddable":true,"href":"https:\/\/idoloasis.pt\/en\/wp-json\/wp\/v2\/users\/3"}],"replies":[{"embeddable":true,"href":"https:\/\/idoloasis.pt\/en\/wp-json\/wp\/v2\/comments?post=3491"}],"version-history":[{"count":0,"href":"https:\/\/idoloasis.pt\/en\/wp-json\/wp\/v2\/posts\/3491\/revisions"}],"wp:featuredmedia":[{"embeddable":true,"href":"https:\/\/idoloasis.pt\/en\/wp-json\/wp\/v2\/media\/3492"}],"wp:attachment":[{"href":"https:\/\/idoloasis.pt\/en\/wp-json\/wp\/v2\/media?parent=3491"}],"wp:term":[{"taxonomy":"category","embeddable":true,"href":"https:\/\/idoloasis.pt\/en\/wp-json\/wp\/v2\/categories?post=3491"},{"taxonomy":"post_tag","embeddable":true,"href":"https:\/\/idoloasis.pt\/en\/wp-json\/wp\/v2\/tags?post=3491"}],"curies":[{"name":"wp","href":"https:\/\/api.w.org\/{rel}","templated":true}]}}