{"id":3496,"date":"2017-12-08T11:06:58","date_gmt":"2017-12-08T11:06:58","guid":{"rendered":"https:\/\/idoloasis.pt\/?p=3496\/"},"modified":"2017-12-08T11:06:58","modified_gmt":"2017-12-08T11:06:58","slug":"atleta-idoloasis-rogerio-santos-convocado-para-o-estagio-de-preparacao-da-selecao-sub-19-de-portugal","status":"publish","type":"post","link":"https:\/\/idoloasis.pt\/en\/atleta-idoloasis-rogerio-santos-convocado-para-o-estagio-de-preparacao-da-selecao-sub-19-de-portugal\/","title":{"rendered":"Atleta Idolo\u00e1sis Rog\u00e9rio Santos convocado para o est\u00e1gio de prepara\u00e7\u00e3o da Sele\u00e7\u00e3o Sub-19 de Portugal"},"content":{"rendered":"<p>A Sele\u00e7\u00e3o Naconal sub-19 vai voltar \u00e0 a\u00e7\u00e3o em dezembro. O Treinador Nacional H\u00e9lio Sousa convocou 28 jogadores para o est\u00e1gio de prepara\u00e7\u00e3o, que vai decorrer em Rio Maior, entre os dias 11 e 13 de dezembro. Entre os nomes escolhidos, est\u00e1 nome de Rog\u00e9rio Santos, guarda-redes do SC Braga.<\/p>\n<p>A concentra\u00e7\u00e3o est\u00e1 marcada para a pr\u00f3xima segunda-feira, 11 de dezembro, no Centro de Est\u00e1gios de Rio Maior, realizando quatro treinos.<\/p>\n<p>Eis a lista completa de convocados:<br \/>\nA. Acad\u00e9mica Coimbra &#8211; OAF: Rui Rua<br \/>\nAS Monaco: Amilcar Silva<br \/>\nSL Benfica: Filipe Soares e Mesaque Dju<br \/>\nCF Os Belenenses: Dylan Silva<br \/>\nRC Deportivo de la Coru\u00f1a: Pedro Correia e Ricardo Benjamim<br \/>\nGD Estoril-Praia: Duarte Valente<br \/>\nFC Porto: Bessa, Jorge Teixeira, Lamba, Paulo Estrela e Ricardo Silva.<br \/>\nFC Sion: Nuno Henrique<br \/>\nFC Winterthur: F\u00e1bio Costa<br \/>\nLe Havre AC: Teddy Antoine<br \/>\nRio Ave FC: Diogo Teixeira<br \/>\nServette FC: Timo Ribeiro<br \/>\nSC Braga: Afonso Brito, David Carmo, Francisco Moura, <strong>Rog\u00e9rio Santos<\/strong>.<br \/>\nSporting CP: Elves Bald\u00e9, Pedro Mendes e Thierry Correia<br \/>\nToulouse FC: Matis Carvalho<br \/>\nVit\u00f3ria SC: Miguel Reisinho e Romain Correia<\/p>\n<p>Programa da Sele\u00e7\u00e3o Nacional sub-19:<br \/>\n11. 12. 2017| segunda-feira<br \/>\n15h00 Concentra\u00e7\u00e3o dos jogadores (CE Rio Maior)<br \/>\n16h30 Treino (CE Rio Maior)<\/p>\n<p>12. 12. 2017| ter\u00e7a-feira<br \/>\n10h00 Treino (CE Rio Maior)<br \/>\n16h30 Treino (CE Rio Maior)<\/p>\n<p>13. 12. 2017| quarta-feira<br \/>\n10h30 Treino (CE Rio Maior)<\/p>\n<p>&nbsp;<\/p>\n<p>Fonte: <a href=\"http:\/\/www.fpf.pt\/pt\/News\/Todas-as-not%C3%ADcias\/Not%C3%ADcia\/news\/14180\" target=\"_blank\" rel=\"noopener noreferrer\">FPF<\/a><\/p>\n","protected":false},"excerpt":{"rendered":"<p>A Sele\u00e7\u00e3o Naconal sub-19 vai voltar \u00e0 a\u00e7\u00e3o em dezembro. O Treinador Nacional H\u00e9lio Sousa convocou 28 jogadores para o est\u00e1gio de prepara\u00e7\u00e3o, que vai decorrer em Rio Maior, entre os dias 11 e 13 de dezembro. Entre os nomes escolhidos, est\u00e1 nome de Rog\u00e9rio Santos, guarda-redes do SC Braga. A concentra\u00e7\u00e3o est\u00e1 marcada para [&hellip;]<\/p>\n","protected":false},"author":3,"featured_media":3497,"comment_status":"open","ping_status":"open","sticky":false,"template":"","format":"standard","meta":{"footnotes":""},"categories":[22],"tags":[],"class_list":["post-3496","post","type-post","status-publish","format-standard","has-post-thumbnail","hentry","category-noticias"],"acf":[],"_links":{"self":[{"href":"https:\/\/idoloasis.pt\/en\/wp-json\/wp\/v2\/posts\/3496","targetHints":{"allow":["GET"]}}],"collection":[{"href":"https:\/\/idoloasis.pt\/en\/wp-json\/wp\/v2\/posts"}],"about":[{"href":"https:\/\/idoloasis.pt\/en\/wp-json\/wp\/v2\/types\/post"}],"author":[{"embeddable":true,"href":"https:\/\/idoloasis.pt\/en\/wp-json\/wp\/v2\/users\/3"}],"replies":[{"embeddable":true,"href":"https:\/\/idoloasis.pt\/en\/wp-json\/wp\/v2\/comments?post=3496"}],"version-history":[{"count":0,"href":"https:\/\/idoloasis.pt\/en\/wp-json\/wp\/v2\/posts\/3496\/revisions"}],"wp:featuredmedia":[{"embeddable":true,"href":"https:\/\/idoloasis.pt\/en\/wp-json\/wp\/v2\/media\/3497"}],"wp:attachment":[{"href":"https:\/\/idoloasis.pt\/en\/wp-json\/wp\/v2\/media?parent=3496"}],"wp:term":[{"taxonomy":"category","embeddable":true,"href":"https:\/\/idoloasis.pt\/en\/wp-json\/wp\/v2\/categories?post=3496"},{"taxonomy":"post_tag","embeddable":true,"href":"https:\/\/idoloasis.pt\/en\/wp-json\/wp\/v2\/tags?post=3496"}],"curies":[{"name":"wp","href":"https:\/\/api.w.org\/{rel}","templated":true}]}}