{"id":3542,"date":"2017-12-15T13:31:58","date_gmt":"2017-12-15T13:31:58","guid":{"rendered":"https:\/\/idoloasis.pt\/?p=3542\/"},"modified":"2017-12-15T13:34:12","modified_gmt":"2017-12-15T13:34:12","slug":"atleta-idoloasis-goncalo-ramos-convocado-para-os-jogos-de-preparacao-da-selecao-sub-17-de-portugal","status":"publish","type":"post","link":"https:\/\/idoloasis.pt\/en\/atleta-idoloasis-goncalo-ramos-convocado-para-os-jogos-de-preparacao-da-selecao-sub-17-de-portugal\/","title":{"rendered":"Atleta Idolo\u00e1sis Gon\u00e7alo Ramos convocado para os jogos de prepara\u00e7\u00e3o da Sele\u00e7\u00e3o sub-17 de Portugal"},"content":{"rendered":"<p>O Treinador Nacional Rui Bento divulgou, esta quinta-feira, a lista de convocados para os encontros de prepara\u00e7\u00e3o que a Sele\u00e7\u00e3o Nacional sub-17 vai realizar nos dias 19 e 21 de dezembro diante da Turquia, no Est\u00e1dio Municipal de Rio Maior. Mais uma vez, Gon\u00e7alo Ramos est\u00e1 entre os eleitos de Rui Bento.<\/p>\n<p>A Equipa das Quinas esteve isenta da primeira fase de qualifica\u00e7\u00e3o e vai disputar a Ronda de Elite diante da Finl\u00e2ndia, da Su\u00ed\u00e7a e da Eslov\u00e1quia, entre os dias 12 e 18 de mar\u00e7o.<\/p>\n<p>Eis a lista de convocados:<br \/>\nGuarda-redes \u2013 Hugo Cunha (Sporting) e Gon\u00e7alo Tabua\u00e7o (FC Pa\u00e7os de Ferreira);<\/p>\n<p>Defesas \u2013 Carlos Silva (Sporting), Francisco Saldanha (Benfica), Gon\u00e7alo In\u00e1cio (Sporting), Sandro Cruz (Benfica), Tiago Matos (FC Porto) e Tom\u00e1s Tavares (Benfica);<\/p>\n<p>M\u00e9dios \u2013 Bernardo Silva (Benfica), Felipe Borges (Grasshopper CZ), <strong>Gon\u00e7alo Ramos<\/strong> (Benfica), Henrique Jocu (Benfica), Nuno Cunha (Benfica), Rodrigo Fernandes (Sporting), Rodrigo Valente (FC Porto) e Ronaldo Camar\u00e1 (Benfica);<\/p>\n<p>Avan\u00e7ados \u2013 Eduardo Ribeiro (SC Braga), F\u00e1bio Silva (FC Porto), F\u00e9lix Correia (Sporting) e Umaro Embal\u00f3 (Benfica).<\/p>\n<p>Clique aqui para consultar o Mapa de Internacionaliza\u00e7\u00f5es dos jogadores convocados.<\/p>\n<p>Eis o programa da Sele\u00e7\u00e3o:<br \/>\n18 de dezembro de 2018 (segunda-feira)<br \/>\n16h30: Treino, em Rio Maior<\/p>\n<p>19 de dezembro de 2018 (ter\u00e7a-feira)<br \/>\n16h00: Portugal-Turquia, Est\u00e1dio Municipal de Rio Maior<\/p>\n<p>20 de dezembro de 2018 (quarta-feira)<br \/>\n11h00: Treino, em Rio Maior<\/p>\n<p>21 de dezembro de 2018 (quinta-feira)<br \/>\n16h00: Portugal-Turquia, Est\u00e1dio Municipal de Rio Maior<\/p>\n<p>&nbsp;<\/p>\n<p>Fonte: <a href=\"http:\/\/www.fpf.pt\/pt\/News\/Todas-as-not%C3%ADcias\/Not%C3%ADcia\/news\/14258\" target=\"_blank\" rel=\"noopener noreferrer\">FPF<\/a><\/p>\n","protected":false},"excerpt":{"rendered":"<p>O Treinador Nacional Rui Bento divulgou, esta quinta-feira, a lista de convocados para os encontros de prepara\u00e7\u00e3o que a Sele\u00e7\u00e3o Nacional sub-17 vai realizar nos dias 19 e 21 de dezembro diante da Turquia, no Est\u00e1dio Municipal de Rio Maior. Mais uma vez, Gon\u00e7alo Ramos est\u00e1 entre os eleitos de Rui Bento. A Equipa das [&hellip;]<\/p>\n","protected":false},"author":3,"featured_media":3546,"comment_status":"open","ping_status":"open","sticky":false,"template":"","format":"standard","meta":{"footnotes":""},"categories":[22],"tags":[],"class_list":["post-3542","post","type-post","status-publish","format-standard","has-post-thumbnail","hentry","category-noticias"],"acf":[],"_links":{"self":[{"href":"https:\/\/idoloasis.pt\/en\/wp-json\/wp\/v2\/posts\/3542","targetHints":{"allow":["GET"]}}],"collection":[{"href":"https:\/\/idoloasis.pt\/en\/wp-json\/wp\/v2\/posts"}],"about":[{"href":"https:\/\/idoloasis.pt\/en\/wp-json\/wp\/v2\/types\/post"}],"author":[{"embeddable":true,"href":"https:\/\/idoloasis.pt\/en\/wp-json\/wp\/v2\/users\/3"}],"replies":[{"embeddable":true,"href":"https:\/\/idoloasis.pt\/en\/wp-json\/wp\/v2\/comments?post=3542"}],"version-history":[{"count":0,"href":"https:\/\/idoloasis.pt\/en\/wp-json\/wp\/v2\/posts\/3542\/revisions"}],"wp:featuredmedia":[{"embeddable":true,"href":"https:\/\/idoloasis.pt\/en\/wp-json\/wp\/v2\/media\/3546"}],"wp:attachment":[{"href":"https:\/\/idoloasis.pt\/en\/wp-json\/wp\/v2\/media?parent=3542"}],"wp:term":[{"taxonomy":"category","embeddable":true,"href":"https:\/\/idoloasis.pt\/en\/wp-json\/wp\/v2\/categories?post=3542"},{"taxonomy":"post_tag","embeddable":true,"href":"https:\/\/idoloasis.pt\/en\/wp-json\/wp\/v2\/tags?post=3542"}],"curies":[{"name":"wp","href":"https:\/\/api.w.org\/{rel}","templated":true}]}}