{"id":3617,"date":"2018-01-02T22:04:56","date_gmt":"2018-01-02T22:04:56","guid":{"rendered":"https:\/\/idoloasis.pt\/?p=3617\/"},"modified":"2018-01-02T22:04:56","modified_gmt":"2018-01-02T22:04:56","slug":"atleta-idoloasis-goncalo-silva-escolhido-como-a-grande-figura-do-belenenses-no-ano-de-2017","status":"publish","type":"post","link":"https:\/\/idoloasis.pt\/en\/atleta-idoloasis-goncalo-silva-escolhido-como-a-grande-figura-do-belenenses-no-ano-de-2017\/","title":{"rendered":"Atleta Idolo\u00e1sis Gon\u00e7alo Silva escolhido como a grande figura do Belenenses no ano de 2017"},"content":{"rendered":"<p>18 figuras emblem\u00e1ticas dos 18 clubes da I Liga elegeram as figuras de 2017. At\u00e9 ao final do ano e no dia de ano novo, O JOGO revelou\u00a0os eleitos de cada uma das equipas.<\/p>\n<p>A cumprir a terceira \u00e9poca no Belenenses, Gon\u00e7alo Silva est\u00e1 a tornar-se num dos s\u00edmbolos do clube. Essa \u00e9 opini\u00e3o de Tuck, antigo m\u00e9dio que representou a forma\u00e7\u00e3o do Restelo entre 1998 e 2005. &#8220;Tem estado em \u00f3tima forma e, desde que chegou ao clube, tem evolu\u00eddo imenso, tendo inclusive chegado a capit\u00e3o. Al\u00e9m da qualidade de jogo que imprime, \u00e9 sempre muito equilibrado na forma de atuar&#8221;, considera.<\/p>\n<p>&nbsp;<\/p>\n<blockquote><p>&#8220;Tem estado em \u00f3tima forma. Evoluiu imenso e chegou a capit\u00e3o&#8221;<\/p><\/blockquote>\n<p>&nbsp;<\/p>\n<p>O atual treinador do Camacha, da S\u00e9rie B do Campeonato de Portugal, foi capit\u00e3o do conjunto belenense e v\u00ea no central a pessoa indicada para envergar a bra\u00e7adeira. &#8220;Pela forma como se entrega em campo nota-se que \u00e9 um jogador empenhado e com equil\u00edbrio emocional&#8221;, disse Tuck, um admirador de Gon\u00e7alo Silva. O jogador, 26 anos, \u00e9 totalista do conjunto de Domingos no campeonato e soma, ainda, um jogo na Ta\u00e7a de Portugal e dois na Ta\u00e7a da Liga. Chegou ao Restelo em 2015, proveniente do Braga, e tem cinco golos marcados em 71 partidas sendo que, logo na primeira \u00e9poca, marcou tr\u00eas golos.<\/p>\n<p>&nbsp;<\/p>\n<p class=\"selectionShareable\">Fonte: <a href=\"https:\/\/www.ojogo.pt\/futebol\/1a-liga\/belenenses\/noticias\/interior\/goncalo-silva-entrega-digna-de-um-capitao-9017384.html\" target=\"_blank\" rel=\"noopener noreferrer\">O Jogo<\/a><\/p>\n","protected":false},"excerpt":{"rendered":"<p>18 figuras emblem\u00e1ticas dos 18 clubes da I Liga elegeram as figuras de 2017. At\u00e9 ao final do ano e no dia de ano novo, O JOGO revelou\u00a0os eleitos de cada uma das equipas. A cumprir a terceira \u00e9poca no Belenenses, Gon\u00e7alo Silva est\u00e1 a tornar-se num dos s\u00edmbolos do clube. Essa \u00e9 opini\u00e3o de [&hellip;]<\/p>\n","protected":false},"author":3,"featured_media":3620,"comment_status":"open","ping_status":"open","sticky":false,"template":"","format":"standard","meta":{"footnotes":""},"categories":[1],"tags":[],"class_list":["post-3617","post","type-post","status-publish","format-standard","has-post-thumbnail","hentry","category-sem-categoria"],"acf":[],"_links":{"self":[{"href":"https:\/\/idoloasis.pt\/en\/wp-json\/wp\/v2\/posts\/3617","targetHints":{"allow":["GET"]}}],"collection":[{"href":"https:\/\/idoloasis.pt\/en\/wp-json\/wp\/v2\/posts"}],"about":[{"href":"https:\/\/idoloasis.pt\/en\/wp-json\/wp\/v2\/types\/post"}],"author":[{"embeddable":true,"href":"https:\/\/idoloasis.pt\/en\/wp-json\/wp\/v2\/users\/3"}],"replies":[{"embeddable":true,"href":"https:\/\/idoloasis.pt\/en\/wp-json\/wp\/v2\/comments?post=3617"}],"version-history":[{"count":0,"href":"https:\/\/idoloasis.pt\/en\/wp-json\/wp\/v2\/posts\/3617\/revisions"}],"wp:featuredmedia":[{"embeddable":true,"href":"https:\/\/idoloasis.pt\/en\/wp-json\/wp\/v2\/media\/3620"}],"wp:attachment":[{"href":"https:\/\/idoloasis.pt\/en\/wp-json\/wp\/v2\/media?parent=3617"}],"wp:term":[{"taxonomy":"category","embeddable":true,"href":"https:\/\/idoloasis.pt\/en\/wp-json\/wp\/v2\/categories?post=3617"},{"taxonomy":"post_tag","embeddable":true,"href":"https:\/\/idoloasis.pt\/en\/wp-json\/wp\/v2\/tags?post=3617"}],"curies":[{"name":"wp","href":"https:\/\/api.w.org\/{rel}","templated":true}]}}