{"id":3733,"date":"2018-01-15T17:27:06","date_gmt":"2018-01-15T17:27:06","guid":{"rendered":"https:\/\/idoloasis.pt\/?p=3733\/"},"modified":"2018-01-15T17:27:06","modified_gmt":"2018-01-15T17:27:06","slug":"atleta-idoloasis-edi-semedo-marca-golo-pelos-juniores-do-sl-benfica","status":"publish","type":"post","link":"https:\/\/idoloasis.pt\/en\/atleta-idoloasis-edi-semedo-marca-golo-pelos-juniores-do-sl-benfica\/","title":{"rendered":"Atleta Idolo\u00e1sis Edi Semedo marca golo pelos Juniores do SL Benfica"},"content":{"rendered":"<p>Na tarde de ontem, a equipa junior do SL Benfica recebeu em casa o Vit\u00f3ria FC. O resultado final foi uma vit\u00f3ria da equipa encarnada por 2-0.<\/p>\n<p>Edi Semedo esteve em destaque. Entrou na 2\u00aa parte e marcou o \u00faltimo golo da sua equipa num bom movimento dentro da \u00e1rea advers\u00e1ria.<\/p>\n<p>&nbsp;<\/p>\n\n","protected":false},"excerpt":{"rendered":"<p>Na tarde de ontem, a equipa junior do SL Benfica recebeu em casa o Vit\u00f3ria FC. O resultado final foi uma vit\u00f3ria da equipa encarnada por 2-0. Edi Semedo esteve em destaque. Entrou na 2\u00aa parte e marcou o \u00faltimo golo da sua equipa num bom movimento dentro da \u00e1rea advers\u00e1ria. &nbsp;<\/p>\n","protected":false},"author":3,"featured_media":3734,"comment_status":"open","ping_status":"open","sticky":false,"template":"","format":"standard","meta":{"footnotes":""},"categories":[22],"tags":[],"class_list":["post-3733","post","type-post","status-publish","format-standard","has-post-thumbnail","hentry","category-noticias"],"acf":[],"_links":{"self":[{"href":"https:\/\/idoloasis.pt\/en\/wp-json\/wp\/v2\/posts\/3733","targetHints":{"allow":["GET"]}}],"collection":[{"href":"https:\/\/idoloasis.pt\/en\/wp-json\/wp\/v2\/posts"}],"about":[{"href":"https:\/\/idoloasis.pt\/en\/wp-json\/wp\/v2\/types\/post"}],"author":[{"embeddable":true,"href":"https:\/\/idoloasis.pt\/en\/wp-json\/wp\/v2\/users\/3"}],"replies":[{"embeddable":true,"href":"https:\/\/idoloasis.pt\/en\/wp-json\/wp\/v2\/comments?post=3733"}],"version-history":[{"count":0,"href":"https:\/\/idoloasis.pt\/en\/wp-json\/wp\/v2\/posts\/3733\/revisions"}],"wp:featuredmedia":[{"embeddable":true,"href":"https:\/\/idoloasis.pt\/en\/wp-json\/wp\/v2\/media\/3734"}],"wp:attachment":[{"href":"https:\/\/idoloasis.pt\/en\/wp-json\/wp\/v2\/media?parent=3733"}],"wp:term":[{"taxonomy":"category","embeddable":true,"href":"https:\/\/idoloasis.pt\/en\/wp-json\/wp\/v2\/categories?post=3733"},{"taxonomy":"post_tag","embeddable":true,"href":"https:\/\/idoloasis.pt\/en\/wp-json\/wp\/v2\/tags?post=3733"}],"curies":[{"name":"wp","href":"https:\/\/api.w.org\/{rel}","templated":true}]}}