{"id":3830,"date":"2018-01-27T19:49:43","date_gmt":"2018-01-27T19:49:43","guid":{"rendered":"https:\/\/idoloasis.pt\/?p=3830\/"},"modified":"2018-01-27T19:49:43","modified_gmt":"2018-01-27T19:49:43","slug":"atleta-idoloasis-edi-semedo-marca-na-goleada-dos-juniores-do-sl-benfica","status":"publish","type":"post","link":"https:\/\/idoloasis.pt\/en\/atleta-idoloasis-edi-semedo-marca-na-goleada-dos-juniores-do-sl-benfica\/","title":{"rendered":"Atleta Idolo\u00e1sis Edi Semedo marca na goleada dos juniores do SL Benfica"},"content":{"rendered":"<p>Na tarde de hoje, a equipa sub-19 do SL Benfica, recebeu no Caixa Futebol Campus o Cova da Piedade.<\/p>\n<p>Com Edi Semedo a titular e a marcar um dos golos, a equipa orientada por Jo\u00e3o Tralh\u00e3o venceu o jogo por uns expressivos 6-1, n\u00e3o dando margem para d\u00favidas em rela\u00e7\u00e3o \u00e0 sua superioridade.<\/p>\n<p>Edi Semedo continua assim a mostrar o seu valor e a ganhar espa\u00e7o nesta equipa, sendo recompensado pelo trabalho desenvolvido.<\/p>\n<p>&nbsp;<\/p>\n\n","protected":false},"excerpt":{"rendered":"<p>Na tarde de hoje, a equipa sub-19 do SL Benfica, recebeu no Caixa Futebol Campus o Cova da Piedade. Com Edi Semedo a titular e a marcar um dos golos, a equipa orientada por Jo\u00e3o Tralh\u00e3o venceu o jogo por uns expressivos 6-1, n\u00e3o dando margem para d\u00favidas em rela\u00e7\u00e3o \u00e0 sua superioridade. Edi Semedo [&hellip;]<\/p>\n","protected":false},"author":3,"featured_media":3832,"comment_status":"open","ping_status":"open","sticky":false,"template":"","format":"standard","meta":{"footnotes":""},"categories":[22],"tags":[],"class_list":["post-3830","post","type-post","status-publish","format-standard","has-post-thumbnail","hentry","category-noticias"],"acf":[],"_links":{"self":[{"href":"https:\/\/idoloasis.pt\/en\/wp-json\/wp\/v2\/posts\/3830","targetHints":{"allow":["GET"]}}],"collection":[{"href":"https:\/\/idoloasis.pt\/en\/wp-json\/wp\/v2\/posts"}],"about":[{"href":"https:\/\/idoloasis.pt\/en\/wp-json\/wp\/v2\/types\/post"}],"author":[{"embeddable":true,"href":"https:\/\/idoloasis.pt\/en\/wp-json\/wp\/v2\/users\/3"}],"replies":[{"embeddable":true,"href":"https:\/\/idoloasis.pt\/en\/wp-json\/wp\/v2\/comments?post=3830"}],"version-history":[{"count":0,"href":"https:\/\/idoloasis.pt\/en\/wp-json\/wp\/v2\/posts\/3830\/revisions"}],"wp:featuredmedia":[{"embeddable":true,"href":"https:\/\/idoloasis.pt\/en\/wp-json\/wp\/v2\/media\/3832"}],"wp:attachment":[{"href":"https:\/\/idoloasis.pt\/en\/wp-json\/wp\/v2\/media?parent=3830"}],"wp:term":[{"taxonomy":"category","embeddable":true,"href":"https:\/\/idoloasis.pt\/en\/wp-json\/wp\/v2\/categories?post=3830"},{"taxonomy":"post_tag","embeddable":true,"href":"https:\/\/idoloasis.pt\/en\/wp-json\/wp\/v2\/tags?post=3830"}],"curies":[{"name":"wp","href":"https:\/\/api.w.org\/{rel}","templated":true}]}}