{"id":3870,"date":"2018-02-01T19:22:18","date_gmt":"2018-02-01T19:22:18","guid":{"rendered":"https:\/\/idoloasis.pt\/?p=3870\/"},"modified":"2018-02-01T20:46:52","modified_gmt":"2018-02-01T20:46:52","slug":"atleta-idoloasis-edi-semedo-assinou-contrato-com-a-puma","status":"publish","type":"post","link":"https:\/\/idoloasis.pt\/en\/atleta-idoloasis-edi-semedo-assinou-contrato-com-a-puma\/","title":{"rendered":"Atleta Idolo\u00e1sis Edi Semedo \u00e9 apoiado pela Puma"},"content":{"rendered":"<p>Recentemente, Edi Semedo, jogador da equipa j\u00fanior do SL Benfica, est\u00e1 a ser apoiado pela marca desportiva Puma.<\/p>\n<p>Em baixo nas fotos as suas novas Botas Puma One.<\/p>\n<p><img loading=\"lazy\" decoding=\"async\" class=\"alignnone wp-image-3872 aligncenter\" src=\"https:\/\/idoloasis.pt\/wp-content\/uploads\/2018\/02\/IMG-20180201-WA0018-225x300.jpg\" alt=\"\" width=\"370\" height=\"493\" srcset=\"https:\/\/idoloasis.pt\/wp-content\/uploads\/2018\/02\/IMG-20180201-WA0018-225x300.jpg 225w, https:\/\/idoloasis.pt\/wp-content\/uploads\/2018\/02\/IMG-20180201-WA0018-768x1024.jpg 768w, https:\/\/idoloasis.pt\/wp-content\/uploads\/2018\/02\/IMG-20180201-WA0018-640x853.jpg 640w, https:\/\/idoloasis.pt\/wp-content\/uploads\/2018\/02\/IMG-20180201-WA0018-1024x1365.jpg 1024w, https:\/\/idoloasis.pt\/wp-content\/uploads\/2018\/02\/IMG-20180201-WA0018.jpg 1200w\" sizes=\"auto, (max-width: 639px) 98vw, (max-width: 1199px) 64vw, 370px\" \/><\/p>\n<p>&nbsp;<\/p>\n<p><img loading=\"lazy\" decoding=\"async\" class=\"alignnone wp-image-3871 aligncenter\" src=\"https:\/\/idoloasis.pt\/wp-content\/uploads\/2018\/02\/IMG-20180201-WA0019-225x300.jpg\" alt=\"\" width=\"370\" height=\"494\" srcset=\"https:\/\/idoloasis.pt\/wp-content\/uploads\/2018\/02\/IMG-20180201-WA0019-225x300.jpg 225w, https:\/\/idoloasis.pt\/wp-content\/uploads\/2018\/02\/IMG-20180201-WA0019-768x1024.jpg 768w, https:\/\/idoloasis.pt\/wp-content\/uploads\/2018\/02\/IMG-20180201-WA0019-640x853.jpg 640w, https:\/\/idoloasis.pt\/wp-content\/uploads\/2018\/02\/IMG-20180201-WA0019-1024x1365.jpg 1024w, https:\/\/idoloasis.pt\/wp-content\/uploads\/2018\/02\/IMG-20180201-WA0019.jpg 1200w\" sizes=\"auto, (max-width: 639px) 98vw, (max-width: 1199px) 64vw, 370px\" \/><\/p>\n","protected":false},"excerpt":{"rendered":"<p>Recentemente, Edi Semedo, jogador da equipa j\u00fanior do SL Benfica, est\u00e1 a ser apoiado pela marca desportiva Puma. Em baixo nas fotos as suas novas Botas Puma One. &nbsp;<\/p>\n","protected":false},"author":3,"featured_media":3873,"comment_status":"open","ping_status":"open","sticky":false,"template":"","format":"standard","meta":{"footnotes":""},"categories":[22],"tags":[],"class_list":["post-3870","post","type-post","status-publish","format-standard","has-post-thumbnail","hentry","category-noticias"],"acf":[],"_links":{"self":[{"href":"https:\/\/idoloasis.pt\/en\/wp-json\/wp\/v2\/posts\/3870","targetHints":{"allow":["GET"]}}],"collection":[{"href":"https:\/\/idoloasis.pt\/en\/wp-json\/wp\/v2\/posts"}],"about":[{"href":"https:\/\/idoloasis.pt\/en\/wp-json\/wp\/v2\/types\/post"}],"author":[{"embeddable":true,"href":"https:\/\/idoloasis.pt\/en\/wp-json\/wp\/v2\/users\/3"}],"replies":[{"embeddable":true,"href":"https:\/\/idoloasis.pt\/en\/wp-json\/wp\/v2\/comments?post=3870"}],"version-history":[{"count":0,"href":"https:\/\/idoloasis.pt\/en\/wp-json\/wp\/v2\/posts\/3870\/revisions"}],"wp:featuredmedia":[{"embeddable":true,"href":"https:\/\/idoloasis.pt\/en\/wp-json\/wp\/v2\/media\/3873"}],"wp:attachment":[{"href":"https:\/\/idoloasis.pt\/en\/wp-json\/wp\/v2\/media?parent=3870"}],"wp:term":[{"taxonomy":"category","embeddable":true,"href":"https:\/\/idoloasis.pt\/en\/wp-json\/wp\/v2\/categories?post=3870"},{"taxonomy":"post_tag","embeddable":true,"href":"https:\/\/idoloasis.pt\/en\/wp-json\/wp\/v2\/tags?post=3870"}],"curies":[{"name":"wp","href":"https:\/\/api.w.org\/{rel}","templated":true}]}}