{"id":3878,"date":"2018-02-02T15:36:11","date_gmt":"2018-02-02T15:36:11","guid":{"rendered":"https:\/\/idoloasis.pt\/?p=3878\/"},"modified":"2018-02-02T15:36:11","modified_gmt":"2018-02-02T15:36:11","slug":"atleta-idoloasis-goncalo-ramos-convocado-para-a-selecao-de-portugal-sub-17-que-vai-disputar-o-torneio-internacional-do-algarve","status":"publish","type":"post","link":"https:\/\/idoloasis.pt\/en\/atleta-idoloasis-goncalo-ramos-convocado-para-a-selecao-de-portugal-sub-17-que-vai-disputar-o-torneio-internacional-do-algarve\/","title":{"rendered":"Atleta Idolo\u00e1sis Gon\u00e7alo Ramos convocado para a Sele\u00e7\u00e3o de Portugal sub-17 que vai disputar o Torneio Internacional do Algarve"},"content":{"rendered":"<p>A Sele\u00e7\u00e3o Nacional sub-17 vai disputar a 41.\u00aa edi\u00e7\u00e3o do Torneio Internacional do Algarve, que decorrer\u00e1 entre os dias 9 e 13 de fevereiro. A Equipa das Quinas vai defrontar as sele\u00e7\u00f5es de Alemanha, Holanda e Inglaterra.<\/p>\n<p>Este torneio constitui um importante momento competitivo para a forma\u00e7\u00e3o comandada por Rui Bento, que disputar\u00e1 em mar\u00e7o a Ronda de Elite de qualifica\u00e7\u00e3o para o Campeonato da Europa Inglaterra 2018, diante de Eslov\u00e1quia, Su\u00ed\u00e7a e Finl\u00e2ndia.<\/p>\n<p>Para o Torneio Internacional do Algarve, o Treinador Nacional Rui Bento convocou 20 jogadores., entre os quais Gon\u00e7alo Ramos. O est\u00e1gio arranca a 4 de fevereiro na Cidade do Futebol, prosseguindo depois no Algarve, onde ser\u00e1 disputado o torneio.<\/p>\n<p>Eis a lista de convocados:<\/p>\n<p>Benfica SAD &#8211; Henrique Jocu, Bernardo Silva, Franscico Saldanha, Gon\u00e7alo Gomes, <strong>Gon\u00e7alo Ramos<\/strong>, Jair Tavares, Jo\u00e3o Ferreira, Nuno Cunha, Rafael Brito, Tom\u00e1s Tavares e \u00damaro Embal\u00f3;<br \/>\nFC Porto SAD &#8211; Francisco Meixedo, Gon\u00e7alo Borges, Levi Faustino, Rodrigo Valente e Tiago Matos;<br \/>\nSC Braga SAD: Eduardo Ribeiro<br \/>\nSporting SAD &#8211; F\u00e9lix Correia e Rodrigo Fernandes<br \/>\nVit\u00f3ria SAD &#8211; Gon\u00e7alo Tabua\u00e7o<\/p>\n<p>Descarregue aqui o mapa de internacionaliza\u00e7\u00f5es da Equipa das Quinas<\/p>\n<p>Programa da Sele\u00e7\u00e3o Nacional:<\/p>\n<p>04.02.2018 &#8211; Domingo<br \/>\n17h00 &#8211; Treino &#8211; Cidade do Futebol<\/p>\n<p>05.02.2018 &#8211; Segunda-feira<br \/>\n17h00 &#8211; Treino &#8211; Cidade do Futebol<\/p>\n<p>06.02.2018 &#8211; Ter\u00e7a-feira<br \/>\n11h00 &#8211; Treino &#8211; Cidade do Futebol<br \/>\n17h30 &#8211; Treino &#8211; Cidade do Futebol<\/p>\n<p>07.02.2018 &#8211; Quarta-feira<br \/>\n11h00 &#8211; Treino &#8211; Cidade do Futebol<\/p>\n<p>08.02.2018 &#8211; Quinta-feira<br \/>\n11h00 &#8211; Treino &#8211; Est\u00e1dio Municipal Bela Vista (Parchal)<\/p>\n<p>09.02.2018 &#8211; Sexta-feira<br \/>\n15h00 &#8211; Jogo Portugal vs. Inglaterra &#8211; Parque Desp. Nora (Ferreiras)<\/p>\n<p>10.02.2018 &#8211; S\u00e1bado<br \/>\n11h00 &#8211; Treino &#8211; Grupo Desp. Lagoa<\/p>\n<p>11.02.2018 &#8211; Domingo<br \/>\n15h00 &#8211; Jogo Portugal vs. Holanda &#8211; Est\u00e1dio Municipal Bela Vista (Parchal)<\/p>\n<p>12.02.2018 &#8211; Segunda-feira<br \/>\n11h00 &#8211; Treino &#8211; Grupo Desp. Lagoa<\/p>\n<p>13.02.2018 &#8211; Ter\u00e7a-feira<br \/>\n15h00 &#8211; Jogo Portugal vs. Alemanha &#8211; Est\u00e1dio Municipal Bela Vista (Parchal)<\/p>\n<p>&nbsp;<\/p>\n<p>Fonte: <a href=\"http:\/\/www.fpf.pt\/pt\/News\/Todas-as-not%C3%ADcias\/Not%C3%ADcia\/news\/14681\" target=\"_blank\" rel=\"noopener noreferrer\">FPF<\/a><\/p>\n","protected":false},"excerpt":{"rendered":"<p>A Sele\u00e7\u00e3o Nacional sub-17 vai disputar a 41.\u00aa edi\u00e7\u00e3o do Torneio Internacional do Algarve, que decorrer\u00e1 entre os dias 9 e 13 de fevereiro. A Equipa das Quinas vai defrontar as sele\u00e7\u00f5es de Alemanha, Holanda e Inglaterra. Este torneio constitui um importante momento competitivo para a forma\u00e7\u00e3o comandada por Rui Bento, que disputar\u00e1 em mar\u00e7o [&hellip;]<\/p>\n","protected":false},"author":3,"featured_media":3879,"comment_status":"open","ping_status":"open","sticky":false,"template":"","format":"standard","meta":{"footnotes":""},"categories":[22],"tags":[],"class_list":["post-3878","post","type-post","status-publish","format-standard","has-post-thumbnail","hentry","category-noticias"],"acf":[],"_links":{"self":[{"href":"https:\/\/idoloasis.pt\/en\/wp-json\/wp\/v2\/posts\/3878","targetHints":{"allow":["GET"]}}],"collection":[{"href":"https:\/\/idoloasis.pt\/en\/wp-json\/wp\/v2\/posts"}],"about":[{"href":"https:\/\/idoloasis.pt\/en\/wp-json\/wp\/v2\/types\/post"}],"author":[{"embeddable":true,"href":"https:\/\/idoloasis.pt\/en\/wp-json\/wp\/v2\/users\/3"}],"replies":[{"embeddable":true,"href":"https:\/\/idoloasis.pt\/en\/wp-json\/wp\/v2\/comments?post=3878"}],"version-history":[{"count":0,"href":"https:\/\/idoloasis.pt\/en\/wp-json\/wp\/v2\/posts\/3878\/revisions"}],"wp:featuredmedia":[{"embeddable":true,"href":"https:\/\/idoloasis.pt\/en\/wp-json\/wp\/v2\/media\/3879"}],"wp:attachment":[{"href":"https:\/\/idoloasis.pt\/en\/wp-json\/wp\/v2\/media?parent=3878"}],"wp:term":[{"taxonomy":"category","embeddable":true,"href":"https:\/\/idoloasis.pt\/en\/wp-json\/wp\/v2\/categories?post=3878"},{"taxonomy":"post_tag","embeddable":true,"href":"https:\/\/idoloasis.pt\/en\/wp-json\/wp\/v2\/tags?post=3878"}],"curies":[{"name":"wp","href":"https:\/\/api.w.org\/{rel}","templated":true}]}}