{"id":3911,"date":"2018-02-05T21:51:03","date_gmt":"2018-02-05T21:51:03","guid":{"rendered":"https:\/\/idoloasis.pt\/?p=3911\/"},"modified":"2018-02-05T21:51:03","modified_gmt":"2018-02-05T21:51:03","slug":"atletas-idoloasis-romario-baro-e-joao-goulart-convocados-para-a-selecao-sub-18-de-portugal","status":"publish","type":"post","link":"https:\/\/idoloasis.pt\/en\/atletas-idoloasis-romario-baro-e-joao-goulart-convocados-para-a-selecao-sub-18-de-portugal\/","title":{"rendered":"Atletas Idolo\u00e1sis Rom\u00e1rio Bar\u00f3 e Jo\u00e3o Goulart convocados para a Sele\u00e7\u00e3o sub-18 de Portugal"},"content":{"rendered":"<p>A Sele\u00e7\u00e3o Nacional sub-18 vai realizar mais um est\u00e1gio de prepara\u00e7\u00e3o nesta \u00e9poca desportiva, defrontando a Hungria em duas ocasi\u00f5es. A Equipa das Quinas ir\u00e1 concentrar-se na pr\u00f3xima quinta-feira e os encontros de prepara\u00e7\u00e3o frente aos magiares est\u00e3o agendados para 12 e 14 de fevereiro.<\/p>\n<p>O est\u00e1gio tem in\u00edcio j\u00e1 esta quinta-feira na Cidade do Futebol. Filipe Ramos, Treinador Nacional, chamou 21 jogadores para este duplo compromisso, onde est\u00e3o inclu\u00eddos os nomes de Rom\u00e1rio Bar\u00f3 e Jo\u00e3o Goulart.<\/p>\n<p>Eis a lista de convocados:<\/p>\n<p>AS Nancy: Th\u00e9o Fonseca;<br \/>\nBenfica SAD: Rodrigo Concei\u00e7\u00e3o, Gon\u00e7alo Loureiro, Lu\u00eds Lopes, Miguel N\u00f3brega, Nuno Tavares e Pedro \u00c1lvaro;<br \/>\nFC Porto SAD: Afonso Sousa, Jo\u00e3o M\u00e1rio, <strong>Rom\u00e1rio Bar\u00f3<\/strong> e V\u00edtor Ferreira;<br \/>\nLiverpool FC: Rafael Camacho;<br \/>\nRio Ave FC: Jo\u00e3o Costa;<br \/>\nSporting SAD: Tiago Rodrigues, Diogo Br\u00e1s e <strong>Jo\u00e3o Goulart<\/strong>;<br \/>\nUD Leiria SAD: Leonardo Ferreira;<br \/>\nVit\u00f3ria FC: Daniel Silva, Jo\u00e3o Valido e Tom\u00e1s Azevedo;<br \/>\nVit\u00f3ria SC: Andr\u00e9 Almeida.<\/p>\n<p>Veja aqui o mapa de internacionaliza\u00e7\u00f5es da Equipa das Quinas<\/p>\n<p>Programa de treinos:<br \/>\n08.02.2018 | quinta-feira<br \/>\n14h30 &#8211; Concentra\u00e7\u00e3o na Cidade do Futebol<br \/>\n16h30 &#8211; Treino &#8211; Cidade do Futebol (relvado 3)<\/p>\n<p>09.02.2018 | sexta-feira<br \/>\n10h00 &#8211; Treino &#8211; Cidade do Futebol (relvado 2)<br \/>\n17h15 &#8211; Treino &#8211; Cidade do Futebol (relvado 3)<\/p>\n<p>10.02.2018 | s\u00e1bado<br \/>\n10h30 &#8211; Treino &#8211; Cidade do Futebol (relvado 2)<\/p>\n<p>11.02.2018 | domingo<br \/>\n11h00 &#8211; Treino &#8211; F\u00e3o<\/p>\n<p>12.02.2018 | segunda-feira<br \/>\n17h00 &#8211; Jogo &#8211; Portugal vs. Hungria (Est\u00e1dio 1.\u00ba de maio, Braga)<\/p>\n<p>13.02.2018 | ter\u00e7a-feira<br \/>\n11h00 &#8211; Treino &#8211; F\u00e3o<\/p>\n<p>14.02.2018 | quarta-feira<br \/>\n10h30 &#8211; Jogo &#8211; Portugal vs. Hungria (Complexo Desportivo CF F\u00e3o)<\/p>\n<p>&nbsp;<\/p>\n<p>&nbsp;<\/p>\n<p>Fonte: <a href=\"http:\/\/www.fpf.pt\/pt\/News\/Todas-as-not%C3%ADcias\/Not%C3%ADcia\/news\/14714\" target=\"_blank\" rel=\"noopener noreferrer\">FPF<\/a><\/p>\n","protected":false},"excerpt":{"rendered":"<p>A Sele\u00e7\u00e3o Nacional sub-18 vai realizar mais um est\u00e1gio de prepara\u00e7\u00e3o nesta \u00e9poca desportiva, defrontando a Hungria em duas ocasi\u00f5es. A Equipa das Quinas ir\u00e1 concentrar-se na pr\u00f3xima quinta-feira e os encontros de prepara\u00e7\u00e3o frente aos magiares est\u00e3o agendados para 12 e 14 de fevereiro. O est\u00e1gio tem in\u00edcio j\u00e1 esta quinta-feira na Cidade do [&hellip;]<\/p>\n","protected":false},"author":3,"featured_media":3912,"comment_status":"open","ping_status":"open","sticky":false,"template":"","format":"standard","meta":{"footnotes":""},"categories":[22],"tags":[],"class_list":["post-3911","post","type-post","status-publish","format-standard","has-post-thumbnail","hentry","category-noticias"],"acf":[],"_links":{"self":[{"href":"https:\/\/idoloasis.pt\/en\/wp-json\/wp\/v2\/posts\/3911","targetHints":{"allow":["GET"]}}],"collection":[{"href":"https:\/\/idoloasis.pt\/en\/wp-json\/wp\/v2\/posts"}],"about":[{"href":"https:\/\/idoloasis.pt\/en\/wp-json\/wp\/v2\/types\/post"}],"author":[{"embeddable":true,"href":"https:\/\/idoloasis.pt\/en\/wp-json\/wp\/v2\/users\/3"}],"replies":[{"embeddable":true,"href":"https:\/\/idoloasis.pt\/en\/wp-json\/wp\/v2\/comments?post=3911"}],"version-history":[{"count":0,"href":"https:\/\/idoloasis.pt\/en\/wp-json\/wp\/v2\/posts\/3911\/revisions"}],"wp:featuredmedia":[{"embeddable":true,"href":"https:\/\/idoloasis.pt\/en\/wp-json\/wp\/v2\/media\/3912"}],"wp:attachment":[{"href":"https:\/\/idoloasis.pt\/en\/wp-json\/wp\/v2\/media?parent=3911"}],"wp:term":[{"taxonomy":"category","embeddable":true,"href":"https:\/\/idoloasis.pt\/en\/wp-json\/wp\/v2\/categories?post=3911"},{"taxonomy":"post_tag","embeddable":true,"href":"https:\/\/idoloasis.pt\/en\/wp-json\/wp\/v2\/tags?post=3911"}],"curies":[{"name":"wp","href":"https:\/\/api.w.org\/{rel}","templated":true}]}}