{"id":4004,"date":"2018-02-28T15:47:02","date_gmt":"2018-02-28T15:47:02","guid":{"rendered":"https:\/\/idoloasis.pt\/?p=4004\/"},"modified":"2018-02-28T15:47:02","modified_gmt":"2018-02-28T15:47:02","slug":"atleta-idoloasis-joao-goulart-convocado-para-mais-um-estagio-da-selecao-de-portugal-sub-18","status":"publish","type":"post","link":"https:\/\/idoloasis.pt\/en\/atleta-idoloasis-joao-goulart-convocado-para-mais-um-estagio-da-selecao-de-portugal-sub-18\/","title":{"rendered":"Atleta Idolo\u00e1sis Jo\u00e3o Goulart convocado para mais um est\u00e1gio da Sele\u00e7\u00e3o de Portugal sub-18"},"content":{"rendered":"<p>A Sele\u00e7\u00e3o Nacional sub-18 ir\u00e1 cumprir um est\u00e1gio de dois dias que contempla a realiza\u00e7\u00e3o de tr\u00eas treinos na Cidade de Futebol.<\/p>\n<p>O Treinador Nacional, Filipe Ramos, ir\u00e1 trabalhar com 25 jogadores, entre os quais Jo\u00e3o Goulart.<\/p>\n<p>Eis a lista de convocados:<br \/>\nAS Nancy: Th\u00e9o Fonseca;<br \/>\nAtl\u00e9tico Madrid: Silvano Nater;<br \/>\nBenfica: Diogo Capit\u00e3o, Celton Biai, Gon\u00e7alo Loureiro, Lu\u00eds Lopes, Nuno Tavares, Miguel N\u00f3brega, Rodrigo Concei\u00e7\u00e3o e Tiago Dantas;<br \/>\nFC Porto: Afonso Sousa, Jo\u00e3o M\u00e1rio, Pedro Justiniano e V\u00edtor Ferreira;<br \/>\nFC Bordeaux: Manuel Semedo;<br \/>\nRio Ave FC: Jo\u00e3o Costa;<br \/>\nSC Braga: F\u00e1bio Bald\u00e9;<br \/>\nSG Sacavenense: Pedro Ganchas;<br \/>\nSporting: Diogo Br\u00e1s, Gon\u00e7alo Pinto e <strong>Jo\u00e3o Goulart<\/strong>;<br \/>\nUD Leiria: Leonardo Ferreira;<br \/>\nVit\u00f3ria FC: Daniel Silva, Jo\u00e3o Valido e Tom\u00e1s Azevedo.<\/p>\n<p>Programa<br \/>\n05 de mar\u00e7o de 2018 | segunda-feira<br \/>\n14h30: concentra\u00e7\u00e3o na Cidade do Futebol<br \/>\n16h30: treino na Cidade do Futebol<\/p>\n<p>06 de mar\u00e7o de 2018 | ter\u00e7a-feira<br \/>\n10h00: treino na Cidade do Futebol<br \/>\n16h45: treino na Cidade do Futebol<\/p>\n<p>&nbsp;<\/p>\n<p>Fonte: <a href=\"http:\/\/www.fpf.pt\/pt\/News\/Todas-as-not%C3%ADcias\/Not%C3%ADcia\/news\/14980\" target=\"_blank\" rel=\"noopener noreferrer\">FPF<\/a><\/p>\n","protected":false},"excerpt":{"rendered":"<p>A Sele\u00e7\u00e3o Nacional sub-18 ir\u00e1 cumprir um est\u00e1gio de dois dias que contempla a realiza\u00e7\u00e3o de tr\u00eas treinos na Cidade de Futebol. O Treinador Nacional, Filipe Ramos, ir\u00e1 trabalhar com 25 jogadores, entre os quais Jo\u00e3o Goulart. Eis a lista de convocados: AS Nancy: Th\u00e9o Fonseca; Atl\u00e9tico Madrid: Silvano Nater; Benfica: Diogo Capit\u00e3o, Celton Biai, [&hellip;]<\/p>\n","protected":false},"author":3,"featured_media":4005,"comment_status":"open","ping_status":"open","sticky":false,"template":"","format":"standard","meta":{"footnotes":""},"categories":[22],"tags":[],"class_list":["post-4004","post","type-post","status-publish","format-standard","has-post-thumbnail","hentry","category-noticias"],"acf":[],"_links":{"self":[{"href":"https:\/\/idoloasis.pt\/en\/wp-json\/wp\/v2\/posts\/4004","targetHints":{"allow":["GET"]}}],"collection":[{"href":"https:\/\/idoloasis.pt\/en\/wp-json\/wp\/v2\/posts"}],"about":[{"href":"https:\/\/idoloasis.pt\/en\/wp-json\/wp\/v2\/types\/post"}],"author":[{"embeddable":true,"href":"https:\/\/idoloasis.pt\/en\/wp-json\/wp\/v2\/users\/3"}],"replies":[{"embeddable":true,"href":"https:\/\/idoloasis.pt\/en\/wp-json\/wp\/v2\/comments?post=4004"}],"version-history":[{"count":0,"href":"https:\/\/idoloasis.pt\/en\/wp-json\/wp\/v2\/posts\/4004\/revisions"}],"wp:featuredmedia":[{"embeddable":true,"href":"https:\/\/idoloasis.pt\/en\/wp-json\/wp\/v2\/media\/4005"}],"wp:attachment":[{"href":"https:\/\/idoloasis.pt\/en\/wp-json\/wp\/v2\/media?parent=4004"}],"wp:term":[{"taxonomy":"category","embeddable":true,"href":"https:\/\/idoloasis.pt\/en\/wp-json\/wp\/v2\/categories?post=4004"},{"taxonomy":"post_tag","embeddable":true,"href":"https:\/\/idoloasis.pt\/en\/wp-json\/wp\/v2\/tags?post=4004"}],"curies":[{"name":"wp","href":"https:\/\/api.w.org\/{rel}","templated":true}]}}