{"id":4008,"date":"2018-03-02T19:30:54","date_gmt":"2018-03-02T19:30:54","guid":{"rendered":"https:\/\/idoloasis.pt\/?p=4008\/"},"modified":"2018-03-02T19:30:54","modified_gmt":"2018-03-02T19:30:54","slug":"atleta-idoloasis-goncalo-ramos-convocado-para-representar-a-selecao-nacional-sub-17-na-ronda-de-elite-de-apuramento-para-o-europeu-2018","status":"publish","type":"post","link":"https:\/\/idoloasis.pt\/en\/atleta-idoloasis-goncalo-ramos-convocado-para-representar-a-selecao-nacional-sub-17-na-ronda-de-elite-de-apuramento-para-o-europeu-2018\/","title":{"rendered":"Atleta Idolo\u00e1sis Gon\u00e7alo Ramos convocado para representar a Sele\u00e7\u00e3o Nacional sub-17 na Ronda de Elite de apuramento para o Europeu-2018"},"content":{"rendered":"<p>O Treinador Nacional Rui Bento convocou 23 jogadores para representar a Sele\u00e7\u00e3o Nacional sub-17 na Ronda de Elite de apuramento para o Europeu-2018, cujos encontros do grupo 4 ser\u00e3o realizados no arquip\u00e9lago da Madeira entre os dias 12 e 18 de mar\u00e7o, entre os quais Gon\u00e7alo Ramos.<\/p>\n<p>No dia 7 de mar\u00e7o, o grupo de trabalho \u00e0 disposi\u00e7\u00e3o da equipa t\u00e9cnica nacional ser\u00e1 reduzido a 20 jogadores.<\/p>\n<p>Estes ser\u00e3o os primeiros jogos oficiais dos sub-17 em 2017\/2018, j\u00e1 que a Equipa das Quinas ficou isenta da primeira fase de qualifica\u00e7\u00e3o devido aos bons resultados alcan\u00e7ados nas \u00faltimas tr\u00eas temporadas.<\/p>\n<p>Recorde-se que a Equipa das Quinas j\u00e1 venceu esta \u00e9poca a Syrenka Cup e o Torneio Internacional do Algarve.<\/p>\n<p>A fase final do Europeu-2018 vai decorrer entre os dias 4 e 20 de maio, em Inglaterra.<\/p>\n<p>A concentra\u00e7\u00e3o dos sub-17 est\u00e1 marcada para a pr\u00f3xima segunda-feira, 5 de mar\u00e7o, at\u00e9 \u00e0s 15h30.<\/p>\n<p>Eis a convocat\u00f3ria completa:<br \/>\nSL Benfica: Henrique Jocu, Jo\u00e3o Monteiro, Bernardo Silva, Francisco Saldanha, Gon\u00e7alo Gomes, <strong>Gon\u00e7alo Ramos<\/strong>, Jair Tavares, Jo\u00e3o Ferreira, Nuno Cunha, Ronaldo Camar\u00e1, Sandro Cruz, Tom\u00e1s Tavares e \u00damaro Embal\u00f3<br \/>\nFC Porto: Francisco Meixedo, Gon\u00e7alo Borges, Levi Faustino, Rafael Pereira, Rodrigo Valente e Tiago Matos<br \/>\nSC Braga: Eduardo Ribeiro<br \/>\nSporting CP: F\u00e9lix Correia e Rodrigo Fernandes<br \/>\nVit\u00f3ria SC: Gon\u00e7alo Tabua\u00e7o<\/p>\n<p>Eis o programa da Sele\u00e7\u00e3o Nacional sub-17:<br \/>\n05. 03. 2018| segunda-feira<br \/>\n15h00 Concentra\u00e7\u00e3o dos jogadores (Gare do Oriente)<br \/>\n15h30 Concentra\u00e7\u00e3o dos jogadores (Cidade do Futebol)<br \/>\n17h00 Treino (Cidade do Futebol)<\/p>\n<p>06. 03. 2018| ter\u00e7a-feira<br \/>\n17h00 Treino (Cidade do Futebol)<\/p>\n<p>07. 03. 2018| quarta-feira<br \/>\n17h00 Treino (Cidade do Futebol)<\/p>\n<p>08. 03. 2018| quinta-feira<br \/>\n10h45 Treino (Cidade do Futebol)<br \/>\n15h30 Partida de Lisboa<br \/>\n17h15 Chegada ao Funchal<\/p>\n<p>09. 03. 2018| sexta-feira<br \/>\n16h00 Treino (Complexo Desportivo do CF Uni\u00e3o da Madeira)<\/p>\n<p>10. 03. 2018| s\u00e1bado<br \/>\n16h00 Treino (Complexo Desportivo do CF Uni\u00e3o da Madeira)<\/p>\n<p>11. 03. 2018| domingo<br \/>\n11h00 Treino (Complexo Desportivo do CF Uni\u00e3o da Madeira)<\/p>\n<p>13. 03. 2018| ter\u00e7a-feira<br \/>\n11h00 (Complexo Desportivo do CF Uni\u00e3o da Madeira)<\/p>\n<p>14. 03. 2018| quarta-feira<br \/>\n11h00 (Complexo Desportivo do CF Uni\u00e3o da Madeira)<\/p>\n<p>16. 03. 2018| sexta-feira<br \/>\n11h00 (Complexo Desportivo do CF Uni\u00e3o da Madeira)<\/p>\n<p>17. 03. 2018| s\u00e1bado<br \/>\n11h00 (Complexo Desportivo do CF Uni\u00e3o da Madeira)<\/p>\n<p>Eis o calend\u00e1rio de jogos do grupo 4 da Ronda de Elite sub-17:<br \/>\n1.\u00aa jornada | 12 de mar\u00e7o de 2018 | segunda-feira<br \/>\n14h00 \u2013 Su\u00ed\u00e7a &#8211; Finl\u00e2ndia, no Est\u00e1dio da Madeira (Funchal)<br \/>\n16h00 \u2013 Portugal &#8211; Eslov\u00e1quia, no Est\u00e1dio Centro Desp. Madeira (Ribeira Brava)<\/p>\n<p>2.\u00aa jornada | 15 de mar\u00e7o de 2018 | quinta-feira<br \/>\n14h00 \u2013 Finl\u00e2ndia &#8211; Eslov\u00e1quia, no Est\u00e1dio Municipal (Machico)<br \/>\n16h00 \u2013 Portugal &#8211; Su\u00ed\u00e7a, no Est\u00e1dio dos Barreiros (Funchal)<\/p>\n<p>3.\u00aa jornada | 18 de mar\u00e7o de 2018 | domingo<br \/>\n16h00 \u2013 Eslov\u00e1quia &#8211; Su\u00ed\u00e7a, Est\u00e1dio Centro Desp. Madeira (Ribeira Brava)<br \/>\n16h00 \u2013 Finl\u00e2ndia &#8211; Portugal, Est\u00e1dio dos Barreiros (Funchal)<\/p>\n<p>&nbsp;<\/p>\n<p>Fonte: <a href=\"http:\/\/www.fpf.pt\/pt\/News\/Todas-as-not%C3%ADcias\/Not%C3%ADcia\/news\/15000\" target=\"_blank\" rel=\"noopener noreferrer\">FPF<\/a><\/p>\n","protected":false},"excerpt":{"rendered":"<p>O Treinador Nacional Rui Bento convocou 23 jogadores para representar a Sele\u00e7\u00e3o Nacional sub-17 na Ronda de Elite de apuramento para o Europeu-2018, cujos encontros do grupo 4 ser\u00e3o realizados no arquip\u00e9lago da Madeira entre os dias 12 e 18 de mar\u00e7o, entre os quais Gon\u00e7alo Ramos. No dia 7 de mar\u00e7o, o grupo de [&hellip;]<\/p>\n","protected":false},"author":3,"featured_media":4009,"comment_status":"open","ping_status":"open","sticky":false,"template":"","format":"standard","meta":{"footnotes":""},"categories":[22],"tags":[],"class_list":["post-4008","post","type-post","status-publish","format-standard","has-post-thumbnail","hentry","category-noticias"],"acf":[],"_links":{"self":[{"href":"https:\/\/idoloasis.pt\/en\/wp-json\/wp\/v2\/posts\/4008","targetHints":{"allow":["GET"]}}],"collection":[{"href":"https:\/\/idoloasis.pt\/en\/wp-json\/wp\/v2\/posts"}],"about":[{"href":"https:\/\/idoloasis.pt\/en\/wp-json\/wp\/v2\/types\/post"}],"author":[{"embeddable":true,"href":"https:\/\/idoloasis.pt\/en\/wp-json\/wp\/v2\/users\/3"}],"replies":[{"embeddable":true,"href":"https:\/\/idoloasis.pt\/en\/wp-json\/wp\/v2\/comments?post=4008"}],"version-history":[{"count":0,"href":"https:\/\/idoloasis.pt\/en\/wp-json\/wp\/v2\/posts\/4008\/revisions"}],"wp:featuredmedia":[{"embeddable":true,"href":"https:\/\/idoloasis.pt\/en\/wp-json\/wp\/v2\/media\/4009"}],"wp:attachment":[{"href":"https:\/\/idoloasis.pt\/en\/wp-json\/wp\/v2\/media?parent=4008"}],"wp:term":[{"taxonomy":"category","embeddable":true,"href":"https:\/\/idoloasis.pt\/en\/wp-json\/wp\/v2\/categories?post=4008"},{"taxonomy":"post_tag","embeddable":true,"href":"https:\/\/idoloasis.pt\/en\/wp-json\/wp\/v2\/tags?post=4008"}],"curies":[{"name":"wp","href":"https:\/\/api.w.org\/{rel}","templated":true}]}}