{"id":4068,"date":"2018-03-17T22:28:14","date_gmt":"2018-03-17T22:28:14","guid":{"rendered":"https:\/\/idoloasis.pt\/?p=4068\/"},"modified":"2018-03-17T22:28:14","modified_gmt":"2018-03-17T22:28:14","slug":"atletas-idoloasis-joao-correia-e-cafu-phete-titulares-no-empate-do-vitoria-sc-b","status":"publish","type":"post","link":"https:\/\/idoloasis.pt\/en\/atletas-idoloasis-joao-correia-e-cafu-phete-titulares-no-empate-do-vitoria-sc-b\/","title":{"rendered":"Atletas Idolo\u00e1sis Jo\u00e3o Correia e Caf\u00fa Phete titulares no empate do Vit\u00f3ria SC &#8220;B&#8221;"},"content":{"rendered":"<p>A equipa B do Vit\u00f3ria SC deslocou-se na tarde de hoje ao terreno do Famalic\u00e3o, para disputar mais uma jornada da Ledman LigaPro.<\/p>\n<p>Com Jo\u00e3o Correia e Caf\u00fa Phete no 11 inicial, os conquistadores conseguiram um empate a uma bola, continuando assim a boa forma que atravessam no campeonato.<\/p>\n<p>&nbsp;<\/p>\n<p><img loading=\"lazy\" decoding=\"async\" class=\" wp-image-4069 aligncenter\" src=\"https:\/\/idoloasis.pt\/wp-content\/uploads\/2018\/03\/29314640_1951370348237753_3535532076369444864_n-300x200.jpg\" alt=\"\" width=\"601\" height=\"400\" srcset=\"https:\/\/idoloasis.pt\/wp-content\/uploads\/2018\/03\/29314640_1951370348237753_3535532076369444864_n-300x200.jpg 300w, https:\/\/idoloasis.pt\/wp-content\/uploads\/2018\/03\/29314640_1951370348237753_3535532076369444864_n-768x511.jpg 768w, https:\/\/idoloasis.pt\/wp-content\/uploads\/2018\/03\/29314640_1951370348237753_3535532076369444864_n-640x426.jpg 640w, https:\/\/idoloasis.pt\/wp-content\/uploads\/2018\/03\/29314640_1951370348237753_3535532076369444864_n.jpg 960w\" sizes=\"auto, (max-width: 639px) 98vw, (max-width: 1199px) 64vw, 601px\" \/><\/p>\n<p>&nbsp;<\/p>\n<p><img loading=\"lazy\" decoding=\"async\" class=\" wp-image-4070 aligncenter\" src=\"https:\/\/idoloasis.pt\/wp-content\/uploads\/2018\/03\/IMG-20180317-WA0017-300x200.jpg\" alt=\"\" width=\"604\" height=\"402\" srcset=\"https:\/\/idoloasis.pt\/wp-content\/uploads\/2018\/03\/IMG-20180317-WA0017-300x200.jpg 300w, https:\/\/idoloasis.pt\/wp-content\/uploads\/2018\/03\/IMG-20180317-WA0017-768x512.jpg 768w, https:\/\/idoloasis.pt\/wp-content\/uploads\/2018\/03\/IMG-20180317-WA0017-640x427.jpg 640w, https:\/\/idoloasis.pt\/wp-content\/uploads\/2018\/03\/IMG-20180317-WA0017.jpg 1000w\" sizes=\"auto, (max-width: 639px) 98vw, (max-width: 1199px) 64vw, 604px\" \/><\/p>\n","protected":false},"excerpt":{"rendered":"<p>A equipa B do Vit\u00f3ria SC deslocou-se na tarde de hoje ao terreno do Famalic\u00e3o, para disputar mais uma jornada da Ledman LigaPro. Com Jo\u00e3o Correia e Caf\u00fa Phete no 11 inicial, os conquistadores conseguiram um empate a uma bola, continuando assim a boa forma que atravessam no campeonato. &nbsp; &nbsp;<\/p>\n","protected":false},"author":3,"featured_media":4071,"comment_status":"open","ping_status":"open","sticky":false,"template":"","format":"standard","meta":{"footnotes":""},"categories":[22],"tags":[],"class_list":["post-4068","post","type-post","status-publish","format-standard","has-post-thumbnail","hentry","category-noticias"],"acf":[],"_links":{"self":[{"href":"https:\/\/idoloasis.pt\/en\/wp-json\/wp\/v2\/posts\/4068","targetHints":{"allow":["GET"]}}],"collection":[{"href":"https:\/\/idoloasis.pt\/en\/wp-json\/wp\/v2\/posts"}],"about":[{"href":"https:\/\/idoloasis.pt\/en\/wp-json\/wp\/v2\/types\/post"}],"author":[{"embeddable":true,"href":"https:\/\/idoloasis.pt\/en\/wp-json\/wp\/v2\/users\/3"}],"replies":[{"embeddable":true,"href":"https:\/\/idoloasis.pt\/en\/wp-json\/wp\/v2\/comments?post=4068"}],"version-history":[{"count":0,"href":"https:\/\/idoloasis.pt\/en\/wp-json\/wp\/v2\/posts\/4068\/revisions"}],"wp:featuredmedia":[{"embeddable":true,"href":"https:\/\/idoloasis.pt\/en\/wp-json\/wp\/v2\/media\/4071"}],"wp:attachment":[{"href":"https:\/\/idoloasis.pt\/en\/wp-json\/wp\/v2\/media?parent=4068"}],"wp:term":[{"taxonomy":"category","embeddable":true,"href":"https:\/\/idoloasis.pt\/en\/wp-json\/wp\/v2\/categories?post=4068"},{"taxonomy":"post_tag","embeddable":true,"href":"https:\/\/idoloasis.pt\/en\/wp-json\/wp\/v2\/tags?post=4068"}],"curies":[{"name":"wp","href":"https:\/\/api.w.org\/{rel}","templated":true}]}}