{"id":4074,"date":"2018-03-18T01:45:13","date_gmt":"2018-03-18T01:45:13","guid":{"rendered":"https:\/\/idoloasis.pt\/?p=4074\/"},"modified":"2018-03-18T01:45:13","modified_gmt":"2018-03-18T01:45:13","slug":"soma-e-segue-na-liga-nos-o-sl-benfica-treinado-por-rui-vitoria","status":"publish","type":"post","link":"https:\/\/idoloasis.pt\/en\/soma-e-segue-na-liga-nos-o-sl-benfica-treinado-por-rui-vitoria\/","title":{"rendered":"Soma e segue na Liga NOS o SL Benfica, treinado por Rui Vit\u00f3ria"},"content":{"rendered":"<p>Mais uma jornada para o SL Benfica na Liga NOS e mais uma vit\u00f3ria para a equipa orientada por Rui Vit\u00f3ria.<\/p>\n<p>Desta feita, o jogo era em Santa Maria da Feira, frente ao Feirense. A turma benfiquista n\u00e3o vacilou e venceu por 0-2, continuando assim na luta pelo pentacampeonato.<\/p>\n<p>&nbsp;<\/p>\n<p><img loading=\"lazy\" decoding=\"async\" class=\" wp-image-4075 aligncenter\" src=\"https:\/\/idoloasis.pt\/wp-content\/uploads\/2018\/03\/a5c09dcd6b108dbafe1437e970e68469-300x179.png\" alt=\"\" width=\"549\" height=\"328\" srcset=\"https:\/\/idoloasis.pt\/wp-content\/uploads\/2018\/03\/a5c09dcd6b108dbafe1437e970e68469-300x179.png 300w, https:\/\/idoloasis.pt\/wp-content\/uploads\/2018\/03\/a5c09dcd6b108dbafe1437e970e68469-640x383.png 640w, https:\/\/idoloasis.pt\/wp-content\/uploads\/2018\/03\/a5c09dcd6b108dbafe1437e970e68469.png 707w\" sizes=\"auto, (max-width: 639px) 98vw, (max-width: 1199px) 64vw, 549px\" \/><\/p>\n<p>&nbsp;<\/p>\n<p><img loading=\"lazy\" decoding=\"async\" class=\" wp-image-4076 aligncenter\" src=\"https:\/\/idoloasis.pt\/wp-content\/uploads\/2018\/03\/467225_ori_liga_nos_feirense_x_benfica-300x200.jpg\" alt=\"\" width=\"550\" height=\"366\" srcset=\"https:\/\/idoloasis.pt\/wp-content\/uploads\/2018\/03\/467225_ori_liga_nos_feirense_x_benfica-300x200.jpg 300w, https:\/\/idoloasis.pt\/wp-content\/uploads\/2018\/03\/467225_ori_liga_nos_feirense_x_benfica-768x512.jpg 768w, https:\/\/idoloasis.pt\/wp-content\/uploads\/2018\/03\/467225_ori_liga_nos_feirense_x_benfica.jpg 1024w, https:\/\/idoloasis.pt\/wp-content\/uploads\/2018\/03\/467225_ori_liga_nos_feirense_x_benfica-640x426.jpg 640w\" sizes=\"auto, (max-width: 639px) 98vw, (max-width: 1199px) 64vw, 550px\" \/><\/p>\n<p>&nbsp;<\/p>\n<p><img loading=\"lazy\" decoding=\"async\" class=\" wp-image-4077 aligncenter\" src=\"https:\/\/idoloasis.pt\/wp-content\/uploads\/2018\/03\/IMG-20180318-WA0000-300x220.jpg\" alt=\"\" width=\"549\" height=\"402\" srcset=\"https:\/\/idoloasis.pt\/wp-content\/uploads\/2018\/03\/IMG-20180318-WA0000-300x220.jpg 300w, https:\/\/idoloasis.pt\/wp-content\/uploads\/2018\/03\/IMG-20180318-WA0000-768x562.jpg 768w, https:\/\/idoloasis.pt\/wp-content\/uploads\/2018\/03\/IMG-20180318-WA0000-1024x749.jpg 1024w, https:\/\/idoloasis.pt\/wp-content\/uploads\/2018\/03\/IMG-20180318-WA0000-640x468.jpg 640w, https:\/\/idoloasis.pt\/wp-content\/uploads\/2018\/03\/IMG-20180318-WA0000-1200x878.jpg 1200w, https:\/\/idoloasis.pt\/wp-content\/uploads\/2018\/03\/IMG-20180318-WA0000.jpg 1600w\" sizes=\"auto, (max-width: 639px) 98vw, (max-width: 1199px) 64vw, 549px\" \/><\/p>\n<p>&nbsp;<\/p>\n<p><img loading=\"lazy\" decoding=\"async\" class=\" wp-image-4078 aligncenter\" src=\"https:\/\/idoloasis.pt\/wp-content\/uploads\/2018\/03\/IMG-20180318-WA0002-300x240.jpg\" alt=\"\" width=\"549\" height=\"439\" srcset=\"https:\/\/idoloasis.pt\/wp-content\/uploads\/2018\/03\/IMG-20180318-WA0002-300x240.jpg 300w, https:\/\/idoloasis.pt\/wp-content\/uploads\/2018\/03\/IMG-20180318-WA0002-768x613.jpg 768w, https:\/\/idoloasis.pt\/wp-content\/uploads\/2018\/03\/IMG-20180318-WA0002-1024x818.jpg 1024w, https:\/\/idoloasis.pt\/wp-content\/uploads\/2018\/03\/IMG-20180318-WA0002-640x511.jpg 640w, https:\/\/idoloasis.pt\/wp-content\/uploads\/2018\/03\/IMG-20180318-WA0002-1200x959.jpg 1200w, https:\/\/idoloasis.pt\/wp-content\/uploads\/2018\/03\/IMG-20180318-WA0002.jpg 1600w\" sizes=\"auto, (max-width: 639px) 98vw, (max-width: 1199px) 64vw, 549px\" \/><\/p>\n","protected":false},"excerpt":{"rendered":"<p>Mais uma jornada para o SL Benfica na Liga NOS e mais uma vit\u00f3ria para a equipa orientada por Rui Vit\u00f3ria. Desta feita, o jogo era em Santa Maria da Feira, frente ao Feirense. A turma benfiquista n\u00e3o vacilou e venceu por 0-2, continuando assim na luta pelo pentacampeonato. &nbsp; &nbsp; &nbsp; &nbsp;<\/p>\n","protected":false},"author":3,"featured_media":4079,"comment_status":"open","ping_status":"open","sticky":false,"template":"","format":"standard","meta":{"footnotes":""},"categories":[22],"tags":[],"class_list":["post-4074","post","type-post","status-publish","format-standard","has-post-thumbnail","hentry","category-noticias"],"acf":[],"_links":{"self":[{"href":"https:\/\/idoloasis.pt\/en\/wp-json\/wp\/v2\/posts\/4074","targetHints":{"allow":["GET"]}}],"collection":[{"href":"https:\/\/idoloasis.pt\/en\/wp-json\/wp\/v2\/posts"}],"about":[{"href":"https:\/\/idoloasis.pt\/en\/wp-json\/wp\/v2\/types\/post"}],"author":[{"embeddable":true,"href":"https:\/\/idoloasis.pt\/en\/wp-json\/wp\/v2\/users\/3"}],"replies":[{"embeddable":true,"href":"https:\/\/idoloasis.pt\/en\/wp-json\/wp\/v2\/comments?post=4074"}],"version-history":[{"count":0,"href":"https:\/\/idoloasis.pt\/en\/wp-json\/wp\/v2\/posts\/4074\/revisions"}],"wp:featuredmedia":[{"embeddable":true,"href":"https:\/\/idoloasis.pt\/en\/wp-json\/wp\/v2\/media\/4079"}],"wp:attachment":[{"href":"https:\/\/idoloasis.pt\/en\/wp-json\/wp\/v2\/media?parent=4074"}],"wp:term":[{"taxonomy":"category","embeddable":true,"href":"https:\/\/idoloasis.pt\/en\/wp-json\/wp\/v2\/categories?post=4074"},{"taxonomy":"post_tag","embeddable":true,"href":"https:\/\/idoloasis.pt\/en\/wp-json\/wp\/v2\/tags?post=4074"}],"curies":[{"name":"wp","href":"https:\/\/api.w.org\/{rel}","templated":true}]}}