{"id":4123,"date":"2018-03-21T23:34:59","date_gmt":"2018-03-21T23:34:59","guid":{"rendered":"https:\/\/idoloasis.pt\/?p=4123\/"},"modified":"2018-03-21T23:34:59","modified_gmt":"2018-03-21T23:34:59","slug":"treinador-idoloasis-rui-vitoria-vence-o-premio-de-melhor-treinador-nos-galardoes-cosme-damiao-2018","status":"publish","type":"post","link":"https:\/\/idoloasis.pt\/en\/treinador-idoloasis-rui-vitoria-vence-o-premio-de-melhor-treinador-nos-galardoes-cosme-damiao-2018\/","title":{"rendered":"Treinador Idolo\u00e1sis Rui Vit\u00f3ria vence o pr\u00e9mio de melhor treinador nos Galard\u00f5es Cosme Dami\u00e3o 2018"},"content":{"rendered":"<p>Decorreu na noite de hoje a Gala do SL Benfica, onde foram entregues os Galard\u00f5es Cosme Dami\u00e3o relativos ao ano passado.<\/p>\n<p>Rui Vit\u00f3ria estava nomeado para a categoria de melhor treinador,\u00a0na qual\u00a0acabou por ser nomeado vencedor do pr\u00e9mio, vendo assim, mais uma vez, ser reconhecido o seu trabalho ao comando da equipa principal do SL Benfica.<\/p>\n<p>&nbsp;<\/p>\n<p><img loading=\"lazy\" decoding=\"async\" class=\" wp-image-4125 aligncenter\" src=\"https:\/\/idoloasis.pt\/wp-content\/uploads\/2018\/03\/IMG_20180321_230334-300x200.png\" alt=\"\" width=\"600\" height=\"400\" srcset=\"https:\/\/idoloasis.pt\/wp-content\/uploads\/2018\/03\/IMG_20180321_230334-300x200.png 300w, https:\/\/idoloasis.pt\/wp-content\/uploads\/2018\/03\/IMG_20180321_230334-768x512.png 768w, https:\/\/idoloasis.pt\/wp-content\/uploads\/2018\/03\/IMG_20180321_230334-640x426.png 640w, https:\/\/idoloasis.pt\/wp-content\/uploads\/2018\/03\/IMG_20180321_230334.png 800w\" sizes=\"auto, (max-width: 639px) 98vw, (max-width: 1199px) 64vw, 600px\" \/><\/p>\n<p>&nbsp;<\/p>\n","protected":false},"excerpt":{"rendered":"<p>Decorreu na noite de hoje a Gala do SL Benfica, onde foram entregues os Galard\u00f5es Cosme Dami\u00e3o relativos ao ano passado. Rui Vit\u00f3ria estava nomeado para a categoria de melhor treinador,\u00a0na qual\u00a0acabou por ser nomeado vencedor do pr\u00e9mio, vendo assim, mais uma vez, ser reconhecido o seu trabalho ao comando da equipa principal do SL [&hellip;]<\/p>\n","protected":false},"author":3,"featured_media":4124,"comment_status":"open","ping_status":"open","sticky":false,"template":"","format":"standard","meta":{"footnotes":""},"categories":[22],"tags":[],"class_list":["post-4123","post","type-post","status-publish","format-standard","has-post-thumbnail","hentry","category-noticias"],"acf":[],"_links":{"self":[{"href":"https:\/\/idoloasis.pt\/en\/wp-json\/wp\/v2\/posts\/4123","targetHints":{"allow":["GET"]}}],"collection":[{"href":"https:\/\/idoloasis.pt\/en\/wp-json\/wp\/v2\/posts"}],"about":[{"href":"https:\/\/idoloasis.pt\/en\/wp-json\/wp\/v2\/types\/post"}],"author":[{"embeddable":true,"href":"https:\/\/idoloasis.pt\/en\/wp-json\/wp\/v2\/users\/3"}],"replies":[{"embeddable":true,"href":"https:\/\/idoloasis.pt\/en\/wp-json\/wp\/v2\/comments?post=4123"}],"version-history":[{"count":0,"href":"https:\/\/idoloasis.pt\/en\/wp-json\/wp\/v2\/posts\/4123\/revisions"}],"wp:featuredmedia":[{"embeddable":true,"href":"https:\/\/idoloasis.pt\/en\/wp-json\/wp\/v2\/media\/4124"}],"wp:attachment":[{"href":"https:\/\/idoloasis.pt\/en\/wp-json\/wp\/v2\/media?parent=4123"}],"wp:term":[{"taxonomy":"category","embeddable":true,"href":"https:\/\/idoloasis.pt\/en\/wp-json\/wp\/v2\/categories?post=4123"},{"taxonomy":"post_tag","embeddable":true,"href":"https:\/\/idoloasis.pt\/en\/wp-json\/wp\/v2\/tags?post=4123"}],"curies":[{"name":"wp","href":"https:\/\/api.w.org\/{rel}","templated":true}]}}