{"id":4131,"date":"2018-03-28T13:54:49","date_gmt":"2018-03-28T13:54:49","guid":{"rendered":"https:\/\/idoloasis.pt\/?p=4131\/"},"modified":"2018-03-28T13:54:49","modified_gmt":"2018-03-28T13:54:49","slug":"rui-vitoria-foi-o-treinador-convidado-para-falar-no-encerramento-do-forum-do-treinador-2018","status":"publish","type":"post","link":"https:\/\/idoloasis.pt\/en\/rui-vitoria-foi-o-treinador-convidado-para-falar-no-encerramento-do-forum-do-treinador-2018\/","title":{"rendered":"Rui Vit\u00f3ria foi o treinador convidado para falar no encerramento do F\u00f3rum do Treinador 2018"},"content":{"rendered":"<p>Durante esta semana realizou-se o F\u00f3rum do Treinador 2018, que\u00a0desta vez teve lugar na cidade\u00a0de Braga.<\/p>\n<p>O evento contou com uma ilustre presen\u00e7a de convidados, incluindo alguns dos maiores t\u00e9cnicos portugueses. Rui Vit\u00f3ria, que comanda o Benfica, foi um deles, sendo mesmo o escolhido para falar no encerramento do certame.<\/p>\n<p>&nbsp;<\/p>\n<p><img loading=\"lazy\" decoding=\"async\" class=\" wp-image-4135 aligncenter\" src=\"https:\/\/idoloasis.pt\/wp-content\/uploads\/2018\/03\/transferir-300x200.jpg\" alt=\"\" width=\"499\" height=\"332\" srcset=\"https:\/\/idoloasis.pt\/wp-content\/uploads\/2018\/03\/transferir-300x200.jpg 300w, https:\/\/idoloasis.pt\/wp-content\/uploads\/2018\/03\/transferir-768x512.jpg 768w, https:\/\/idoloasis.pt\/wp-content\/uploads\/2018\/03\/transferir-640x426.jpg 640w, https:\/\/idoloasis.pt\/wp-content\/uploads\/2018\/03\/transferir.jpg 800w\" sizes=\"auto, (max-width: 639px) 98vw, (max-width: 1199px) 64vw, 499px\" \/><\/p>\n","protected":false},"excerpt":{"rendered":"<p>Durante esta semana realizou-se o F\u00f3rum do Treinador 2018, que\u00a0desta vez teve lugar na cidade\u00a0de Braga. O evento contou com uma ilustre presen\u00e7a de convidados, incluindo alguns dos maiores t\u00e9cnicos portugueses. Rui Vit\u00f3ria, que comanda o Benfica, foi um deles, sendo mesmo o escolhido para falar no encerramento do certame. &nbsp;<\/p>\n","protected":false},"author":3,"featured_media":4132,"comment_status":"open","ping_status":"open","sticky":false,"template":"","format":"standard","meta":{"footnotes":""},"categories":[22],"tags":[],"class_list":["post-4131","post","type-post","status-publish","format-standard","has-post-thumbnail","hentry","category-noticias"],"acf":[],"_links":{"self":[{"href":"https:\/\/idoloasis.pt\/en\/wp-json\/wp\/v2\/posts\/4131","targetHints":{"allow":["GET"]}}],"collection":[{"href":"https:\/\/idoloasis.pt\/en\/wp-json\/wp\/v2\/posts"}],"about":[{"href":"https:\/\/idoloasis.pt\/en\/wp-json\/wp\/v2\/types\/post"}],"author":[{"embeddable":true,"href":"https:\/\/idoloasis.pt\/en\/wp-json\/wp\/v2\/users\/3"}],"replies":[{"embeddable":true,"href":"https:\/\/idoloasis.pt\/en\/wp-json\/wp\/v2\/comments?post=4131"}],"version-history":[{"count":0,"href":"https:\/\/idoloasis.pt\/en\/wp-json\/wp\/v2\/posts\/4131\/revisions"}],"wp:featuredmedia":[{"embeddable":true,"href":"https:\/\/idoloasis.pt\/en\/wp-json\/wp\/v2\/media\/4132"}],"wp:attachment":[{"href":"https:\/\/idoloasis.pt\/en\/wp-json\/wp\/v2\/media?parent=4131"}],"wp:term":[{"taxonomy":"category","embeddable":true,"href":"https:\/\/idoloasis.pt\/en\/wp-json\/wp\/v2\/categories?post=4131"},{"taxonomy":"post_tag","embeddable":true,"href":"https:\/\/idoloasis.pt\/en\/wp-json\/wp\/v2\/tags?post=4131"}],"curies":[{"name":"wp","href":"https:\/\/api.w.org\/{rel}","templated":true}]}}