{"id":4350,"date":"2018-05-17T14:57:22","date_gmt":"2018-05-17T14:57:22","guid":{"rendered":"https:\/\/idoloasis.pt\/?p=4350\/"},"modified":"2018-05-17T14:57:22","modified_gmt":"2018-05-17T14:57:22","slug":"atleta-idoloasis-joao-goulart-convocado-para-o-estagio-da-selecao-nacional-sub-18","status":"publish","type":"post","link":"https:\/\/idoloasis.pt\/en\/atleta-idoloasis-joao-goulart-convocado-para-o-estagio-da-selecao-nacional-sub-18\/","title":{"rendered":"Atleta Idolo\u00e1sis Jo\u00e3o Goulart convocado para o est\u00e1gio da Sele\u00e7\u00e3o Nacional sub-18"},"content":{"rendered":"<p>Depois de ter vencido a 36.\u00aa edi\u00e7\u00e3o do Torneio Internacional do Porto, a Sele\u00e7\u00e3o Nacional sub-18 regressa na pr\u00f3xima semana \u00e0 a\u00e7\u00e3o, com um est\u00e1gio de dois dias na Cidade do Futebol.<\/p>\n<p>Para esta etapa de prepara\u00e7\u00e3o, que contempla tr\u00eas sess\u00f5es de treino, FIlipe Ramos chamou 23 jogadores, entre os quais Jo\u00e3o Goulart, defesa central da equipa sub-19 do Sporting CP.<\/p>\n<p>Eis a lista completa de convocados:<\/p>\n<p>AS NANCY &#8211; Th\u00e9o Fonseca<br \/>\nBENFICA SAD &#8211; Rodrigo Concei\u00e7\u00e3o, Celton Biai, Diogo Capit\u00e3o, Gon\u00e7alo Loureiro, Nuno Tavares, Pedro \u00c1lvaro<br \/>\nCD AVES &#8211; Bernardo Prego, Tiago Silva<br \/>\nFC PORTO &#8211; Afonso Sousa, F\u00e1bio Vieira, Tiago Lopes, V\u00edtor Ferreira<br \/>\nRIO AVE FC &#8211; JO\u00e3o Costa<br \/>\nSC BRAGA &#8211; V\u00edtor Olivera<br \/>\nSG SACAVENENSE &#8211; Pedro Ganchas<br \/>\nSPORTING SAD &#8211; Bernard Sousa, Tiago Rodrigues, <strong>Jo\u00e3o Goulart<\/strong><br \/>\nUD LEIRIA SAD &#8211; Leonardo Ferreira<br \/>\nVIT\u00d3RIA FC SAD &#8211; Daniel Silva, Tom\u00e1s Azevedo<br \/>\nVIT\u00d3RIA SC SAD &#8211; Ruben Moura<\/p>\n<p>Programa da Equipa das Quinas:<\/p>\n<p>21.05.2018 | segunda-feira<br \/>\n15h00 Concentra\u00e7\u00e3o &#8211; Cidade do Futebol<br \/>\n17h00 Treino &#8211; Cidade do Futebol (relvado 3)<\/p>\n<p>22.05.2018 | ter\u00e7a-feira<br \/>\n10h00 Treino &#8211; Cidade do Futebol (relvado 3)<br \/>\n16h45 Treino &#8211; Cidade do Futebol (Relvado 3)<\/p>\n<p>&nbsp;<\/p>\n<p>Fonte: <a href=\"http:\/\/www.fpf.pt\/pt\/News\/Todas-as-not%C3%ADcias\/Not%C3%ADcia\/news\/15843\" target=\"_blank\" rel=\"noopener noreferrer\">FPF<\/a><\/p>\n","protected":false},"excerpt":{"rendered":"<p>Depois de ter vencido a 36.\u00aa edi\u00e7\u00e3o do Torneio Internacional do Porto, a Sele\u00e7\u00e3o Nacional sub-18 regressa na pr\u00f3xima semana \u00e0 a\u00e7\u00e3o, com um est\u00e1gio de dois dias na Cidade do Futebol. Para esta etapa de prepara\u00e7\u00e3o, que contempla tr\u00eas sess\u00f5es de treino, FIlipe Ramos chamou 23 jogadores, entre os quais Jo\u00e3o Goulart, defesa central [&hellip;]<\/p>\n","protected":false},"author":3,"featured_media":4351,"comment_status":"open","ping_status":"open","sticky":false,"template":"","format":"standard","meta":{"footnotes":""},"categories":[22],"tags":[],"class_list":["post-4350","post","type-post","status-publish","format-standard","has-post-thumbnail","hentry","category-noticias"],"acf":[],"_links":{"self":[{"href":"https:\/\/idoloasis.pt\/en\/wp-json\/wp\/v2\/posts\/4350","targetHints":{"allow":["GET"]}}],"collection":[{"href":"https:\/\/idoloasis.pt\/en\/wp-json\/wp\/v2\/posts"}],"about":[{"href":"https:\/\/idoloasis.pt\/en\/wp-json\/wp\/v2\/types\/post"}],"author":[{"embeddable":true,"href":"https:\/\/idoloasis.pt\/en\/wp-json\/wp\/v2\/users\/3"}],"replies":[{"embeddable":true,"href":"https:\/\/idoloasis.pt\/en\/wp-json\/wp\/v2\/comments?post=4350"}],"version-history":[{"count":0,"href":"https:\/\/idoloasis.pt\/en\/wp-json\/wp\/v2\/posts\/4350\/revisions"}],"wp:featuredmedia":[{"embeddable":true,"href":"https:\/\/idoloasis.pt\/en\/wp-json\/wp\/v2\/media\/4351"}],"wp:attachment":[{"href":"https:\/\/idoloasis.pt\/en\/wp-json\/wp\/v2\/media?parent=4350"}],"wp:term":[{"taxonomy":"category","embeddable":true,"href":"https:\/\/idoloasis.pt\/en\/wp-json\/wp\/v2\/categories?post=4350"},{"taxonomy":"post_tag","embeddable":true,"href":"https:\/\/idoloasis.pt\/en\/wp-json\/wp\/v2\/tags?post=4350"}],"curies":[{"name":"wp","href":"https:\/\/api.w.org\/{rel}","templated":true}]}}