{"id":4413,"date":"2018-05-24T19:06:31","date_gmt":"2018-05-24T19:06:31","guid":{"rendered":"https:\/\/idoloasis.pt\/?p=4413\/"},"modified":"2018-05-24T19:06:31","modified_gmt":"2018-05-24T19:06:31","slug":"atleta-idoloasis-luther-singh-convocado-para-a-selecao-a-da-africa-do-sul","status":"publish","type":"post","link":"https:\/\/idoloasis.pt\/en\/atleta-idoloasis-luther-singh-convocado-para-a-selecao-a-da-africa-do-sul\/","title":{"rendered":"Atleta Idolo\u00e1sis Luther Singh convocado para a Sele\u00e7\u00e3o A da \u00c1frica do Sul"},"content":{"rendered":"<p>Luther Singh, avan\u00e7ado do SC Braga, foi convocado por\u00a0Stuart Baxter para os pr\u00f3ximos jogos da sele\u00e7\u00e3o nacional sul africana.<\/p>\n<p>&nbsp;<\/p>\n<p>Fonte: <a href=\"https:\/\/www.safa.net\/2018\/05\/22\/baxter-announces-final-bafana-bafana-squad-2018-cosafa-cup\/\" target=\"_blank\" rel=\"noopener noreferrer\">SAFA<\/a><\/p>\n","protected":false},"excerpt":{"rendered":"<p>Luther Singh, avan\u00e7ado do SC Braga, foi convocado por\u00a0Stuart Baxter para os pr\u00f3ximos jogos da sele\u00e7\u00e3o nacional sul africana. &nbsp; Fonte: SAFA<\/p>\n","protected":false},"author":3,"featured_media":4414,"comment_status":"open","ping_status":"open","sticky":false,"template":"","format":"standard","meta":{"footnotes":""},"categories":[22],"tags":[],"class_list":["post-4413","post","type-post","status-publish","format-standard","has-post-thumbnail","hentry","category-noticias"],"acf":[],"_links":{"self":[{"href":"https:\/\/idoloasis.pt\/en\/wp-json\/wp\/v2\/posts\/4413","targetHints":{"allow":["GET"]}}],"collection":[{"href":"https:\/\/idoloasis.pt\/en\/wp-json\/wp\/v2\/posts"}],"about":[{"href":"https:\/\/idoloasis.pt\/en\/wp-json\/wp\/v2\/types\/post"}],"author":[{"embeddable":true,"href":"https:\/\/idoloasis.pt\/en\/wp-json\/wp\/v2\/users\/3"}],"replies":[{"embeddable":true,"href":"https:\/\/idoloasis.pt\/en\/wp-json\/wp\/v2\/comments?post=4413"}],"version-history":[{"count":0,"href":"https:\/\/idoloasis.pt\/en\/wp-json\/wp\/v2\/posts\/4413\/revisions"}],"wp:featuredmedia":[{"embeddable":true,"href":"https:\/\/idoloasis.pt\/en\/wp-json\/wp\/v2\/media\/4414"}],"wp:attachment":[{"href":"https:\/\/idoloasis.pt\/en\/wp-json\/wp\/v2\/media?parent=4413"}],"wp:term":[{"taxonomy":"category","embeddable":true,"href":"https:\/\/idoloasis.pt\/en\/wp-json\/wp\/v2\/categories?post=4413"},{"taxonomy":"post_tag","embeddable":true,"href":"https:\/\/idoloasis.pt\/en\/wp-json\/wp\/v2\/tags?post=4413"}],"curies":[{"name":"wp","href":"https:\/\/api.w.org\/{rel}","templated":true}]}}