{"id":4453,"date":"2018-06-08T16:26:24","date_gmt":"2018-06-08T16:26:24","guid":{"rendered":"https:\/\/idoloasis.pt\/?p=4453\/"},"modified":"2018-06-08T16:26:24","modified_gmt":"2018-06-08T16:26:24","slug":"atleta-idoloasis-ricardo-gomes-assina-pelo-partizan-de-belgrado","status":"publish","type":"post","link":"https:\/\/idoloasis.pt\/en\/atleta-idoloasis-ricardo-gomes-assina-pelo-partizan-de-belgrado\/","title":{"rendered":"Atleta Idolo\u00e1sis Ricardo Gomes assina pelo Partizan de Belgrado"},"content":{"rendered":"<p>Ricardo Gomes, avan\u00e7ado que na \u00e9poca passada representou o CD Nacional da Madeira, onde foi o melhor marcador da Ledman LigaPro, assinou hoje pela equipa s\u00e9rvia do Partizan de Belgrado.<\/p>\n<p>&nbsp;<\/p>\n<p><img loading=\"lazy\" decoding=\"async\" class=\" wp-image-4454 aligncenter\" src=\"https:\/\/idoloasis.pt\/wp-content\/uploads\/2018\/06\/IMG-20180608-WA0006-1-169x300.jpg\" alt=\"\" width=\"318\" height=\"564\" srcset=\"https:\/\/idoloasis.pt\/wp-content\/uploads\/2018\/06\/IMG-20180608-WA0006-1-169x300.jpg 169w, https:\/\/idoloasis.pt\/wp-content\/uploads\/2018\/06\/IMG-20180608-WA0006-1-768x1365.jpg 768w, https:\/\/idoloasis.pt\/wp-content\/uploads\/2018\/06\/IMG-20180608-WA0006-1-576x1024.jpg 576w, https:\/\/idoloasis.pt\/wp-content\/uploads\/2018\/06\/IMG-20180608-WA0006-1-640x1138.jpg 640w, https:\/\/idoloasis.pt\/wp-content\/uploads\/2018\/06\/IMG-20180608-WA0006-1.jpg 900w\" sizes=\"auto, (max-width: 639px) 98vw, (max-width: 1199px) 64vw, 318px\" \/><\/p>\n<p>&nbsp;<\/p>\n<p><img loading=\"lazy\" decoding=\"async\" class=\" wp-image-4455 aligncenter\" src=\"https:\/\/idoloasis.pt\/wp-content\/uploads\/2018\/06\/IMG-20180608-WA0004-225x300.jpg\" alt=\"\" width=\"374\" height=\"499\" srcset=\"https:\/\/idoloasis.pt\/wp-content\/uploads\/2018\/06\/IMG-20180608-WA0004-225x300.jpg 225w, https:\/\/idoloasis.pt\/wp-content\/uploads\/2018\/06\/IMG-20180608-WA0004-768x1024.jpg 768w, https:\/\/idoloasis.pt\/wp-content\/uploads\/2018\/06\/IMG-20180608-WA0004-640x853.jpg 640w, https:\/\/idoloasis.pt\/wp-content\/uploads\/2018\/06\/IMG-20180608-WA0004-1024x1365.jpg 1024w, https:\/\/idoloasis.pt\/wp-content\/uploads\/2018\/06\/IMG-20180608-WA0004.jpg 1200w\" sizes=\"auto, (max-width: 639px) 98vw, (max-width: 1199px) 64vw, 374px\" \/><\/p>\n<p>&nbsp;<\/p>\n<p><img loading=\"lazy\" decoding=\"async\" class=\" wp-image-4456 aligncenter\" src=\"https:\/\/idoloasis.pt\/wp-content\/uploads\/2018\/06\/IMG-20180608-WA0005-225x300.jpg\" alt=\"\" width=\"375\" height=\"500\" srcset=\"https:\/\/idoloasis.pt\/wp-content\/uploads\/2018\/06\/IMG-20180608-WA0005-225x300.jpg 225w, https:\/\/idoloasis.pt\/wp-content\/uploads\/2018\/06\/IMG-20180608-WA0005-768x1024.jpg 768w, https:\/\/idoloasis.pt\/wp-content\/uploads\/2018\/06\/IMG-20180608-WA0005-640x853.jpg 640w, https:\/\/idoloasis.pt\/wp-content\/uploads\/2018\/06\/IMG-20180608-WA0005-1024x1365.jpg 1024w, https:\/\/idoloasis.pt\/wp-content\/uploads\/2018\/06\/IMG-20180608-WA0005.jpg 1200w\" sizes=\"auto, (max-width: 639px) 98vw, (max-width: 1199px) 64vw, 375px\" \/><\/p>\n<p>&nbsp;<\/p>\n\n<p>&nbsp;<\/p>\n<p>&nbsp;<\/p>\n","protected":false},"excerpt":{"rendered":"<p>Ricardo Gomes, avan\u00e7ado que na \u00e9poca passada representou o CD Nacional da Madeira, onde foi o melhor marcador da Ledman LigaPro, assinou hoje pela equipa s\u00e9rvia do Partizan de Belgrado. &nbsp; &nbsp; &nbsp; &nbsp; &nbsp; &nbsp;<\/p>\n","protected":false},"author":3,"featured_media":4462,"comment_status":"open","ping_status":"open","sticky":false,"template":"","format":"standard","meta":{"footnotes":""},"categories":[1],"tags":[],"class_list":["post-4453","post","type-post","status-publish","format-standard","has-post-thumbnail","hentry","category-sem-categoria"],"acf":[],"_links":{"self":[{"href":"https:\/\/idoloasis.pt\/en\/wp-json\/wp\/v2\/posts\/4453","targetHints":{"allow":["GET"]}}],"collection":[{"href":"https:\/\/idoloasis.pt\/en\/wp-json\/wp\/v2\/posts"}],"about":[{"href":"https:\/\/idoloasis.pt\/en\/wp-json\/wp\/v2\/types\/post"}],"author":[{"embeddable":true,"href":"https:\/\/idoloasis.pt\/en\/wp-json\/wp\/v2\/users\/3"}],"replies":[{"embeddable":true,"href":"https:\/\/idoloasis.pt\/en\/wp-json\/wp\/v2\/comments?post=4453"}],"version-history":[{"count":0,"href":"https:\/\/idoloasis.pt\/en\/wp-json\/wp\/v2\/posts\/4453\/revisions"}],"wp:featuredmedia":[{"embeddable":true,"href":"https:\/\/idoloasis.pt\/en\/wp-json\/wp\/v2\/media\/4462"}],"wp:attachment":[{"href":"https:\/\/idoloasis.pt\/en\/wp-json\/wp\/v2\/media?parent=4453"}],"wp:term":[{"taxonomy":"category","embeddable":true,"href":"https:\/\/idoloasis.pt\/en\/wp-json\/wp\/v2\/categories?post=4453"},{"taxonomy":"post_tag","embeddable":true,"href":"https:\/\/idoloasis.pt\/en\/wp-json\/wp\/v2\/tags?post=4453"}],"curies":[{"name":"wp","href":"https:\/\/api.w.org\/{rel}","templated":true}]}}