{"id":6609,"date":"2019-06-06T14:56:45","date_gmt":"2019-06-06T14:56:45","guid":{"rendered":"https:\/\/idoloasis.pt\/?p=6609"},"modified":"2019-06-06T14:56:45","modified_gmt":"2019-06-06T14:56:45","slug":"luther-singh-foi-convocado-para-o-campeonato-africano-das-nacoes-can-2019","status":"publish","type":"post","link":"https:\/\/idoloasis.pt\/en\/luther-singh-foi-convocado-para-o-campeonato-africano-das-nacoes-can-2019\/","title":{"rendered":"Luther Singh foi convocado para o Campeonato Africano das Na\u00e7\u00f5es (CAN) 2019."},"content":{"rendered":"<p><strong style=\"font-family: AvenirNext-Regular, -apple-system, BlinkMacSystemFont, 'Segoe UI', Roboto, Oxygen, Ubuntu, Cantarell, 'Fira Sans', 'Droid Sans', 'Helvetica Neue', sans-serif;\">Luther Singh, atleta do SC Braga, foi convocado para o Campeonato Africano das Na\u00e7\u00f5es (CAN) 2019.<\/strong><\/p>\n<p>Luther Wesley Singh, atleta com 21 de idade que realiza na perfei\u00e7\u00e3o as tarefas nas posi\u00e7\u00f5es de Extremo e Falso Avan\u00e7ado da equipa de Seniores do SC Braga.<\/p>\n<p>&nbsp;<\/p>\n","protected":false},"excerpt":{"rendered":"<p>Luther Singh, atleta do SC Braga, foi convocado para o Campeonato Africano das Na\u00e7\u00f5es (CAN) 2019. Luther Wesley Singh, atleta com 21 de idade que realiza na perfei\u00e7\u00e3o as tarefas nas posi\u00e7\u00f5es de Extremo e Falso Avan\u00e7ado da equipa de Seniores do SC Braga. &nbsp;<\/p>\n","protected":false},"author":2,"featured_media":6612,"comment_status":"open","ping_status":"open","sticky":false,"template":"","format":"standard","meta":{"footnotes":""},"categories":[1],"tags":[],"class_list":["post-6609","post","type-post","status-publish","format-standard","has-post-thumbnail","hentry","category-sem-categoria"],"acf":[],"_links":{"self":[{"href":"https:\/\/idoloasis.pt\/en\/wp-json\/wp\/v2\/posts\/6609","targetHints":{"allow":["GET"]}}],"collection":[{"href":"https:\/\/idoloasis.pt\/en\/wp-json\/wp\/v2\/posts"}],"about":[{"href":"https:\/\/idoloasis.pt\/en\/wp-json\/wp\/v2\/types\/post"}],"author":[{"embeddable":true,"href":"https:\/\/idoloasis.pt\/en\/wp-json\/wp\/v2\/users\/2"}],"replies":[{"embeddable":true,"href":"https:\/\/idoloasis.pt\/en\/wp-json\/wp\/v2\/comments?post=6609"}],"version-history":[{"count":0,"href":"https:\/\/idoloasis.pt\/en\/wp-json\/wp\/v2\/posts\/6609\/revisions"}],"wp:featuredmedia":[{"embeddable":true,"href":"https:\/\/idoloasis.pt\/en\/wp-json\/wp\/v2\/media\/6612"}],"wp:attachment":[{"href":"https:\/\/idoloasis.pt\/en\/wp-json\/wp\/v2\/media?parent=6609"}],"wp:term":[{"taxonomy":"category","embeddable":true,"href":"https:\/\/idoloasis.pt\/en\/wp-json\/wp\/v2\/categories?post=6609"},{"taxonomy":"post_tag","embeddable":true,"href":"https:\/\/idoloasis.pt\/en\/wp-json\/wp\/v2\/tags?post=6609"}],"curies":[{"name":"wp","href":"https:\/\/api.w.org\/{rel}","templated":true}]}}