{"id":7176,"date":"2019-07-02T12:52:07","date_gmt":"2019-07-02T12:52:07","guid":{"rendered":"https:\/\/idoloasis.pt\/?p=7176"},"modified":"2019-07-02T12:52:07","modified_gmt":"2019-07-02T12:52:07","slug":"rui-vitoria-deu-hoje-entrevista-ao-jornal-da-abola-e-record","status":"publish","type":"post","link":"https:\/\/idoloasis.pt\/en\/rui-vitoria-deu-hoje-entrevista-ao-jornal-da-abola-e-record\/","title":{"rendered":"Rui Vit\u00f3ria deu hoje entrevista ao Jornal da Abola e Record"},"content":{"rendered":"<p><strong>Rui Vit\u00f3ria, treinador do Al-Nassr, deu hoje entrevista ao Jornal da Abola e Record.<\/strong><\/p>\n<p>Rui Vit\u00f3ria, treinador com 49 anos de idade que se sagrou na \u00e9poca desportiva 2018\/2019 campe\u00e3o na Ar\u00e1bia Saudita, ao servi\u00e7o do Al-Nassr.<\/p>\n","protected":false},"excerpt":{"rendered":"<p>Rui Vit\u00f3ria, treinador do Al-Nassr, deu hoje entrevista ao Jornal da Abola e Record. Rui Vit\u00f3ria, treinador com 49 anos de idade que se sagrou na \u00e9poca desportiva 2018\/2019 campe\u00e3o na Ar\u00e1bia Saudita, ao servi\u00e7o do Al-Nassr.<\/p>\n","protected":false},"author":2,"featured_media":7177,"comment_status":"open","ping_status":"open","sticky":false,"template":"","format":"standard","meta":{"footnotes":""},"categories":[1],"tags":[],"class_list":["post-7176","post","type-post","status-publish","format-standard","has-post-thumbnail","hentry","category-sem-categoria"],"acf":[],"_links":{"self":[{"href":"https:\/\/idoloasis.pt\/en\/wp-json\/wp\/v2\/posts\/7176","targetHints":{"allow":["GET"]}}],"collection":[{"href":"https:\/\/idoloasis.pt\/en\/wp-json\/wp\/v2\/posts"}],"about":[{"href":"https:\/\/idoloasis.pt\/en\/wp-json\/wp\/v2\/types\/post"}],"author":[{"embeddable":true,"href":"https:\/\/idoloasis.pt\/en\/wp-json\/wp\/v2\/users\/2"}],"replies":[{"embeddable":true,"href":"https:\/\/idoloasis.pt\/en\/wp-json\/wp\/v2\/comments?post=7176"}],"version-history":[{"count":0,"href":"https:\/\/idoloasis.pt\/en\/wp-json\/wp\/v2\/posts\/7176\/revisions"}],"wp:featuredmedia":[{"embeddable":true,"href":"https:\/\/idoloasis.pt\/en\/wp-json\/wp\/v2\/media\/7177"}],"wp:attachment":[{"href":"https:\/\/idoloasis.pt\/en\/wp-json\/wp\/v2\/media?parent=7176"}],"wp:term":[{"taxonomy":"category","embeddable":true,"href":"https:\/\/idoloasis.pt\/en\/wp-json\/wp\/v2\/categories?post=7176"},{"taxonomy":"post_tag","embeddable":true,"href":"https:\/\/idoloasis.pt\/en\/wp-json\/wp\/v2\/tags?post=7176"}],"curies":[{"name":"wp","href":"https:\/\/api.w.org\/{rel}","templated":true}]}}