{"id":7180,"date":"2019-07-02T13:03:10","date_gmt":"2019-07-02T13:03:10","guid":{"rendered":"https:\/\/idoloasis.pt\/?p=7180"},"modified":"2019-07-02T13:21:11","modified_gmt":"2019-07-02T13:21:11","slug":"gerson-sousa-sagrou-se-campeao-nacional-u17","status":"publish","type":"post","link":"https:\/\/idoloasis.pt\/en\/gerson-sousa-sagrou-se-campeao-nacional-u17\/","title":{"rendered":"Gerson Sousa sagrou-se Campe\u00e3o Nacional U17"},"content":{"rendered":"<p><strong>Gerson Sousa, atleta do SL Benfica, sagrou-se Campe\u00e3o Nacional U17 na \u00e9poca 2018\/2019<\/strong><\/p>\n<p>Gerson Liliano Sanches Sousa, atleta com 17 anos de idade que realiza na perfei\u00e7\u00e3o as tarefas na posi\u00e7\u00e3o de Extremo da equipa de Juvenis do SL Benfica.<\/p>\n<p>&nbsp;<\/p>\n","protected":false},"excerpt":{"rendered":"<p>Gerson Sousa, atleta do SL Benfica, sagrou-se Campe\u00e3o Nacional U17 na \u00e9poca 2018\/2019 Gerson Liliano Sanches Sousa, atleta com 17 anos de idade que realiza na perfei\u00e7\u00e3o as tarefas na posi\u00e7\u00e3o de Extremo da equipa de Juvenis do SL Benfica. &nbsp;<\/p>\n","protected":false},"author":2,"featured_media":7181,"comment_status":"open","ping_status":"open","sticky":false,"template":"","format":"standard","meta":{"footnotes":""},"categories":[1],"tags":[],"class_list":["post-7180","post","type-post","status-publish","format-standard","has-post-thumbnail","hentry","category-sem-categoria"],"acf":[],"_links":{"self":[{"href":"https:\/\/idoloasis.pt\/en\/wp-json\/wp\/v2\/posts\/7180","targetHints":{"allow":["GET"]}}],"collection":[{"href":"https:\/\/idoloasis.pt\/en\/wp-json\/wp\/v2\/posts"}],"about":[{"href":"https:\/\/idoloasis.pt\/en\/wp-json\/wp\/v2\/types\/post"}],"author":[{"embeddable":true,"href":"https:\/\/idoloasis.pt\/en\/wp-json\/wp\/v2\/users\/2"}],"replies":[{"embeddable":true,"href":"https:\/\/idoloasis.pt\/en\/wp-json\/wp\/v2\/comments?post=7180"}],"version-history":[{"count":0,"href":"https:\/\/idoloasis.pt\/en\/wp-json\/wp\/v2\/posts\/7180\/revisions"}],"wp:featuredmedia":[{"embeddable":true,"href":"https:\/\/idoloasis.pt\/en\/wp-json\/wp\/v2\/media\/7181"}],"wp:attachment":[{"href":"https:\/\/idoloasis.pt\/en\/wp-json\/wp\/v2\/media?parent=7180"}],"wp:term":[{"taxonomy":"category","embeddable":true,"href":"https:\/\/idoloasis.pt\/en\/wp-json\/wp\/v2\/categories?post=7180"},{"taxonomy":"post_tag","embeddable":true,"href":"https:\/\/idoloasis.pt\/en\/wp-json\/wp\/v2\/tags?post=7180"}],"curies":[{"name":"wp","href":"https:\/\/api.w.org\/{rel}","templated":true}]}}