{"id":7203,"date":"2019-07-02T13:33:48","date_gmt":"2019-07-02T13:33:48","guid":{"rendered":"https:\/\/idoloasis.pt\/?p=7203"},"modified":"2019-07-02T13:33:48","modified_gmt":"2019-07-02T13:33:48","slug":"kelvin-medina-assina-com-o-academico-de-viseu-fc","status":"publish","type":"post","link":"https:\/\/idoloasis.pt\/en\/kelvin-medina-assina-com-o-academico-de-viseu-fc\/","title":{"rendered":"Kelvin Medina assina com o Acad\u00e9mico de Viseu FC"},"content":{"rendered":"<p><strong>Kelvin Medina assina com o Acad\u00e9mico de Viseu FC, clube que ocupou a 11\u00aa posi\u00e7\u00e3o na 2\u00aaLiga na \u00e9poca 2018\/19<\/strong><\/p>\n<p>Kelvin Monteiro Medina, atleta com 25 anos de idade, internacional pela sele\u00e7\u00e3o nacional de Cabo Verde, que realiza na perfei\u00e7\u00e3o as tarefas nas posi\u00e7\u00f5es de M\u00e9dio Centro e M\u00e9dio Defensivo.<\/p>\n","protected":false},"excerpt":{"rendered":"<p>Kelvin Medina assina com o Acad\u00e9mico de Viseu FC, clube que ocupou a 11\u00aa posi\u00e7\u00e3o na 2\u00aaLiga na \u00e9poca 2018\/19 Kelvin Monteiro Medina, atleta com 25 anos de idade, internacional pela sele\u00e7\u00e3o nacional de Cabo Verde, que realiza na perfei\u00e7\u00e3o as tarefas nas posi\u00e7\u00f5es de M\u00e9dio Centro e M\u00e9dio Defensivo.<\/p>\n","protected":false},"author":2,"featured_media":7204,"comment_status":"open","ping_status":"open","sticky":false,"template":"","format":"standard","meta":{"footnotes":""},"categories":[1],"tags":[],"class_list":["post-7203","post","type-post","status-publish","format-standard","has-post-thumbnail","hentry","category-sem-categoria"],"acf":[],"_links":{"self":[{"href":"https:\/\/idoloasis.pt\/en\/wp-json\/wp\/v2\/posts\/7203","targetHints":{"allow":["GET"]}}],"collection":[{"href":"https:\/\/idoloasis.pt\/en\/wp-json\/wp\/v2\/posts"}],"about":[{"href":"https:\/\/idoloasis.pt\/en\/wp-json\/wp\/v2\/types\/post"}],"author":[{"embeddable":true,"href":"https:\/\/idoloasis.pt\/en\/wp-json\/wp\/v2\/users\/2"}],"replies":[{"embeddable":true,"href":"https:\/\/idoloasis.pt\/en\/wp-json\/wp\/v2\/comments?post=7203"}],"version-history":[{"count":0,"href":"https:\/\/idoloasis.pt\/en\/wp-json\/wp\/v2\/posts\/7203\/revisions"}],"wp:featuredmedia":[{"embeddable":true,"href":"https:\/\/idoloasis.pt\/en\/wp-json\/wp\/v2\/media\/7204"}],"wp:attachment":[{"href":"https:\/\/idoloasis.pt\/en\/wp-json\/wp\/v2\/media?parent=7203"}],"wp:term":[{"taxonomy":"category","embeddable":true,"href":"https:\/\/idoloasis.pt\/en\/wp-json\/wp\/v2\/categories?post=7203"},{"taxonomy":"post_tag","embeddable":true,"href":"https:\/\/idoloasis.pt\/en\/wp-json\/wp\/v2\/tags?post=7203"}],"curies":[{"name":"wp","href":"https:\/\/api.w.org\/{rel}","templated":true}]}}