{"id":7213,"date":"2019-07-02T13:41:43","date_gmt":"2019-07-02T13:41:43","guid":{"rendered":"https:\/\/idoloasis.pt\/?p=7213"},"modified":"2019-07-02T13:41:43","modified_gmt":"2019-07-02T13:41:43","slug":"goncalo-ramos-convocado-para-o-europeu-u19","status":"publish","type":"post","link":"https:\/\/idoloasis.pt\/en\/goncalo-ramos-convocado-para-o-europeu-u19\/","title":{"rendered":"Gon\u00e7alo Ramos convocado para o Europeu U19"},"content":{"rendered":"<p><strong style=\"font-family: AvenirNext-Regular, -apple-system, BlinkMacSystemFont, 'Segoe UI', Roboto, Oxygen, Ubuntu, Cantarell, 'Fira Sans', 'Droid Sans', 'Helvetica Neue', sans-serif;\">Gon\u00e7alo Ramos, atletas do SL Benfica, foi convocado para o Europeu U19 que se realiza na Arm\u00e9nia.<\/strong><\/p>\n<p>Gon\u00e7alo Matias Ramos, jovem com 17 anos de idade que realiza na perfei\u00e7\u00e3o as tarefas nas posi\u00e7\u00f5es de M\u00e9dio Ofensivo e Ponta de Lan\u00e7a na equipa de Juniores do SL Benfica.<\/p>\n","protected":false},"excerpt":{"rendered":"<p>Gon\u00e7alo Ramos, atletas do SL Benfica, foi convocado para o Europeu U19 que se realiza na Arm\u00e9nia. Gon\u00e7alo Matias Ramos, jovem com 17 anos de idade que realiza na perfei\u00e7\u00e3o as tarefas nas posi\u00e7\u00f5es de M\u00e9dio Ofensivo e Ponta de Lan\u00e7a na equipa de Juniores do SL Benfica.<\/p>\n","protected":false},"author":2,"featured_media":7214,"comment_status":"open","ping_status":"open","sticky":false,"template":"","format":"standard","meta":{"footnotes":""},"categories":[1],"tags":[],"class_list":["post-7213","post","type-post","status-publish","format-standard","has-post-thumbnail","hentry","category-sem-categoria"],"acf":[],"_links":{"self":[{"href":"https:\/\/idoloasis.pt\/en\/wp-json\/wp\/v2\/posts\/7213","targetHints":{"allow":["GET"]}}],"collection":[{"href":"https:\/\/idoloasis.pt\/en\/wp-json\/wp\/v2\/posts"}],"about":[{"href":"https:\/\/idoloasis.pt\/en\/wp-json\/wp\/v2\/types\/post"}],"author":[{"embeddable":true,"href":"https:\/\/idoloasis.pt\/en\/wp-json\/wp\/v2\/users\/2"}],"replies":[{"embeddable":true,"href":"https:\/\/idoloasis.pt\/en\/wp-json\/wp\/v2\/comments?post=7213"}],"version-history":[{"count":0,"href":"https:\/\/idoloasis.pt\/en\/wp-json\/wp\/v2\/posts\/7213\/revisions"}],"wp:featuredmedia":[{"embeddable":true,"href":"https:\/\/idoloasis.pt\/en\/wp-json\/wp\/v2\/media\/7214"}],"wp:attachment":[{"href":"https:\/\/idoloasis.pt\/en\/wp-json\/wp\/v2\/media?parent=7213"}],"wp:term":[{"taxonomy":"category","embeddable":true,"href":"https:\/\/idoloasis.pt\/en\/wp-json\/wp\/v2\/categories?post=7213"},{"taxonomy":"post_tag","embeddable":true,"href":"https:\/\/idoloasis.pt\/en\/wp-json\/wp\/v2\/tags?post=7213"}],"curies":[{"name":"wp","href":"https:\/\/api.w.org\/{rel}","templated":true}]}}