{"id":7225,"date":"2019-07-02T14:23:05","date_gmt":"2019-07-02T14:23:05","guid":{"rendered":"https:\/\/idoloasis.pt\/?p=7225"},"modified":"2019-07-02T14:23:05","modified_gmt":"2019-07-02T14:23:05","slug":"mama-balde-assina-com-o-dijon-fco","status":"publish","type":"post","link":"https:\/\/idoloasis.pt\/en\/mama-balde-assina-com-o-dijon-fco\/","title":{"rendered":"Mama Bald\u00e9 assina com o Dijon FCO"},"content":{"rendered":"<p><strong>Mama Bald\u00e9 assina com o Dijon FCO, clube que ocupou a 18\u00aa posi\u00e7\u00e3o na 1\u00aaLiga na \u00e9poca 2018\/19, mas assegurou a manuten\u00e7\u00e3o.<\/strong><\/p>\n<p>Mama Samba Bald\u00e9, atleta com 23 anos de idade, internacional pela sele\u00e7\u00e3o nacional da Guin\u00e9 Bissau, que realiza na perfei\u00e7\u00e3o as tarefas nas posi\u00e7\u00f5es de Extremo e Defesa Lateral.<\/p>\n","protected":false},"excerpt":{"rendered":"<p>Mama Bald\u00e9 assina com o Dijon FCO, clube que ocupou a 18\u00aa posi\u00e7\u00e3o na 1\u00aaLiga na \u00e9poca 2018\/19, mas assegurou a manuten\u00e7\u00e3o. Mama Samba Bald\u00e9, atleta com 23 anos de idade, internacional pela sele\u00e7\u00e3o nacional da Guin\u00e9 Bissau, que realiza na perfei\u00e7\u00e3o as tarefas nas posi\u00e7\u00f5es de Extremo e Defesa Lateral.<\/p>\n","protected":false},"author":2,"featured_media":7226,"comment_status":"open","ping_status":"open","sticky":false,"template":"","format":"standard","meta":{"footnotes":""},"categories":[1],"tags":[],"class_list":["post-7225","post","type-post","status-publish","format-standard","has-post-thumbnail","hentry","category-sem-categoria"],"acf":[],"_links":{"self":[{"href":"https:\/\/idoloasis.pt\/en\/wp-json\/wp\/v2\/posts\/7225","targetHints":{"allow":["GET"]}}],"collection":[{"href":"https:\/\/idoloasis.pt\/en\/wp-json\/wp\/v2\/posts"}],"about":[{"href":"https:\/\/idoloasis.pt\/en\/wp-json\/wp\/v2\/types\/post"}],"author":[{"embeddable":true,"href":"https:\/\/idoloasis.pt\/en\/wp-json\/wp\/v2\/users\/2"}],"replies":[{"embeddable":true,"href":"https:\/\/idoloasis.pt\/en\/wp-json\/wp\/v2\/comments?post=7225"}],"version-history":[{"count":0,"href":"https:\/\/idoloasis.pt\/en\/wp-json\/wp\/v2\/posts\/7225\/revisions"}],"wp:featuredmedia":[{"embeddable":true,"href":"https:\/\/idoloasis.pt\/en\/wp-json\/wp\/v2\/media\/7226"}],"wp:attachment":[{"href":"https:\/\/idoloasis.pt\/en\/wp-json\/wp\/v2\/media?parent=7225"}],"wp:term":[{"taxonomy":"category","embeddable":true,"href":"https:\/\/idoloasis.pt\/en\/wp-json\/wp\/v2\/categories?post=7225"},{"taxonomy":"post_tag","embeddable":true,"href":"https:\/\/idoloasis.pt\/en\/wp-json\/wp\/v2\/tags?post=7225"}],"curies":[{"name":"wp","href":"https:\/\/api.w.org\/{rel}","templated":true}]}}