{"id":7315,"date":"2019-07-08T13:26:57","date_gmt":"2019-07-08T13:26:57","guid":{"rendered":"https:\/\/idoloasis.pt\/?p=7315"},"modified":"2019-07-08T13:36:09","modified_gmt":"2019-07-08T13:36:09","slug":"andre-seruca-assina-com-o-fc-farense","status":"publish","type":"post","link":"https:\/\/idoloasis.pt\/en\/andre-seruca-assina-com-o-fc-farense\/","title":{"rendered":"Andr\u00e9 Seruca assina com o FC Farense"},"content":{"rendered":"<p><strong>Andr\u00e9 Seruca assina com o FC Farense, clube que ocupou a 10\u00aa posi\u00e7\u00e3o na 2\u00aaLiga na \u00e9poca 2018\/19.<\/strong><\/p>\n<p>Andr\u00e9 Seruca Oliveira, atleta com 18 anos de idade,\u00a0 que realiza na perfei\u00e7\u00e3o as tarefas nas posi\u00e7\u00f5es de M\u00e9dio Defensivo e Defesa Central.<\/p>\n","protected":false},"excerpt":{"rendered":"<p>Andr\u00e9 Seruca assina com o FC Farense, clube que ocupou a 10\u00aa posi\u00e7\u00e3o na 2\u00aaLiga na \u00e9poca 2018\/19. Andr\u00e9 Seruca Oliveira, atleta com 18 anos de idade,\u00a0 que realiza na perfei\u00e7\u00e3o as tarefas nas posi\u00e7\u00f5es de M\u00e9dio Defensivo e Defesa Central.<\/p>\n","protected":false},"author":2,"featured_media":7316,"comment_status":"open","ping_status":"open","sticky":false,"template":"","format":"standard","meta":{"footnotes":""},"categories":[1],"tags":[],"class_list":["post-7315","post","type-post","status-publish","format-standard","has-post-thumbnail","hentry","category-sem-categoria"],"acf":[],"_links":{"self":[{"href":"https:\/\/idoloasis.pt\/en\/wp-json\/wp\/v2\/posts\/7315","targetHints":{"allow":["GET"]}}],"collection":[{"href":"https:\/\/idoloasis.pt\/en\/wp-json\/wp\/v2\/posts"}],"about":[{"href":"https:\/\/idoloasis.pt\/en\/wp-json\/wp\/v2\/types\/post"}],"author":[{"embeddable":true,"href":"https:\/\/idoloasis.pt\/en\/wp-json\/wp\/v2\/users\/2"}],"replies":[{"embeddable":true,"href":"https:\/\/idoloasis.pt\/en\/wp-json\/wp\/v2\/comments?post=7315"}],"version-history":[{"count":0,"href":"https:\/\/idoloasis.pt\/en\/wp-json\/wp\/v2\/posts\/7315\/revisions"}],"wp:featuredmedia":[{"embeddable":true,"href":"https:\/\/idoloasis.pt\/en\/wp-json\/wp\/v2\/media\/7316"}],"wp:attachment":[{"href":"https:\/\/idoloasis.pt\/en\/wp-json\/wp\/v2\/media?parent=7315"}],"wp:term":[{"taxonomy":"category","embeddable":true,"href":"https:\/\/idoloasis.pt\/en\/wp-json\/wp\/v2\/categories?post=7315"},{"taxonomy":"post_tag","embeddable":true,"href":"https:\/\/idoloasis.pt\/en\/wp-json\/wp\/v2\/tags?post=7315"}],"curies":[{"name":"wp","href":"https:\/\/api.w.org\/{rel}","templated":true}]}}