{"id":7323,"date":"2019-07-08T13:35:33","date_gmt":"2019-07-08T13:35:33","guid":{"rendered":"https:\/\/idoloasis.pt\/?p=7323"},"modified":"2019-07-08T13:35:33","modified_gmt":"2019-07-08T13:35:33","slug":"joao-pedro-assina-com-o-vitoria-sc","status":"publish","type":"post","link":"https:\/\/idoloasis.pt\/en\/joao-pedro-assina-com-o-vitoria-sc\/","title":{"rendered":"Jo\u00e3o Pedro assina com o Vit\u00f3ria SC"},"content":{"rendered":"<p><strong>Jo\u00e3o Pedro assina com o Vit\u00f3ria SC, clube que ocupou o 5\u00ba lugar na 1\u00aaLiga na \u00e9poca 2018\/19.<\/strong><\/p>\n<p>Jo\u00e3o Pedro Sousa Silva, atleta com 22 anos de idade,\u00a0 que realiza na perfei\u00e7\u00e3o as tarefas nas posi\u00e7\u00f5es de Ponta de Lan\u00e7a.<\/p>\n","protected":false},"excerpt":{"rendered":"<p>Jo\u00e3o Pedro assina com o Vit\u00f3ria SC, clube que ocupou o 5\u00ba lugar na 1\u00aaLiga na \u00e9poca 2018\/19. Jo\u00e3o Pedro Sousa Silva, atleta com 22 anos de idade,\u00a0 que realiza na perfei\u00e7\u00e3o as tarefas nas posi\u00e7\u00f5es de Ponta de Lan\u00e7a.<\/p>\n","protected":false},"author":2,"featured_media":7324,"comment_status":"open","ping_status":"open","sticky":false,"template":"","format":"standard","meta":{"footnotes":""},"categories":[1],"tags":[],"class_list":["post-7323","post","type-post","status-publish","format-standard","has-post-thumbnail","hentry","category-sem-categoria"],"acf":[],"_links":{"self":[{"href":"https:\/\/idoloasis.pt\/en\/wp-json\/wp\/v2\/posts\/7323","targetHints":{"allow":["GET"]}}],"collection":[{"href":"https:\/\/idoloasis.pt\/en\/wp-json\/wp\/v2\/posts"}],"about":[{"href":"https:\/\/idoloasis.pt\/en\/wp-json\/wp\/v2\/types\/post"}],"author":[{"embeddable":true,"href":"https:\/\/idoloasis.pt\/en\/wp-json\/wp\/v2\/users\/2"}],"replies":[{"embeddable":true,"href":"https:\/\/idoloasis.pt\/en\/wp-json\/wp\/v2\/comments?post=7323"}],"version-history":[{"count":0,"href":"https:\/\/idoloasis.pt\/en\/wp-json\/wp\/v2\/posts\/7323\/revisions"}],"wp:featuredmedia":[{"embeddable":true,"href":"https:\/\/idoloasis.pt\/en\/wp-json\/wp\/v2\/media\/7324"}],"wp:attachment":[{"href":"https:\/\/idoloasis.pt\/en\/wp-json\/wp\/v2\/media?parent=7323"}],"wp:term":[{"taxonomy":"category","embeddable":true,"href":"https:\/\/idoloasis.pt\/en\/wp-json\/wp\/v2\/categories?post=7323"},{"taxonomy":"post_tag","embeddable":true,"href":"https:\/\/idoloasis.pt\/en\/wp-json\/wp\/v2\/tags?post=7323"}],"curies":[{"name":"wp","href":"https:\/\/api.w.org\/{rel}","templated":true}]}}