{"id":7328,"date":"2019-07-08T13:39:18","date_gmt":"2019-07-08T13:39:18","guid":{"rendered":"https:\/\/idoloasis.pt\/?p=7328"},"modified":"2019-07-08T13:39:18","modified_gmt":"2019-07-08T13:39:18","slug":"didi-assina-com-o-cf-santa-iria","status":"publish","type":"post","link":"https:\/\/idoloasis.pt\/en\/didi-assina-com-o-cf-santa-iria\/","title":{"rendered":"Didi assina com o CF Santa Iria"},"content":{"rendered":"<p><strong>Didi assina com o CF Santa Iria, clube que ocupou a 15\u00aa posi\u00e7\u00e3o no Campeonato de Portugal na \u00e9poca 2018\/19.<\/strong><\/p>\n<p>Diogo Carlos Silva Fernandes, atleta com 21 anos de idade,\u00a0 que realiza na perfei\u00e7\u00e3o as tarefas nas posi\u00e7\u00f5es de Extremo.<\/p>\n","protected":false},"excerpt":{"rendered":"<p>Didi assina com o CF Santa Iria, clube que ocupou a 15\u00aa posi\u00e7\u00e3o no Campeonato de Portugal na \u00e9poca 2018\/19. Diogo Carlos Silva Fernandes, atleta com 21 anos de idade,\u00a0 que realiza na perfei\u00e7\u00e3o as tarefas nas posi\u00e7\u00f5es de Extremo.<\/p>\n","protected":false},"author":2,"featured_media":7329,"comment_status":"open","ping_status":"open","sticky":false,"template":"","format":"standard","meta":{"footnotes":""},"categories":[1],"tags":[],"class_list":["post-7328","post","type-post","status-publish","format-standard","has-post-thumbnail","hentry","category-sem-categoria"],"acf":[],"_links":{"self":[{"href":"https:\/\/idoloasis.pt\/en\/wp-json\/wp\/v2\/posts\/7328","targetHints":{"allow":["GET"]}}],"collection":[{"href":"https:\/\/idoloasis.pt\/en\/wp-json\/wp\/v2\/posts"}],"about":[{"href":"https:\/\/idoloasis.pt\/en\/wp-json\/wp\/v2\/types\/post"}],"author":[{"embeddable":true,"href":"https:\/\/idoloasis.pt\/en\/wp-json\/wp\/v2\/users\/2"}],"replies":[{"embeddable":true,"href":"https:\/\/idoloasis.pt\/en\/wp-json\/wp\/v2\/comments?post=7328"}],"version-history":[{"count":0,"href":"https:\/\/idoloasis.pt\/en\/wp-json\/wp\/v2\/posts\/7328\/revisions"}],"wp:featuredmedia":[{"embeddable":true,"href":"https:\/\/idoloasis.pt\/en\/wp-json\/wp\/v2\/media\/7329"}],"wp:attachment":[{"href":"https:\/\/idoloasis.pt\/en\/wp-json\/wp\/v2\/media?parent=7328"}],"wp:term":[{"taxonomy":"category","embeddable":true,"href":"https:\/\/idoloasis.pt\/en\/wp-json\/wp\/v2\/categories?post=7328"},{"taxonomy":"post_tag","embeddable":true,"href":"https:\/\/idoloasis.pt\/en\/wp-json\/wp\/v2\/tags?post=7328"}],"curies":[{"name":"wp","href":"https:\/\/api.w.org\/{rel}","templated":true}]}}