{"id":7377,"date":"2019-07-09T13:25:16","date_gmt":"2019-07-09T13:25:16","guid":{"rendered":"https:\/\/idoloasis.pt\/?p=7377"},"modified":"2019-07-11T16:07:13","modified_gmt":"2019-07-11T16:07:13","slug":"goncalo-ramos-convocado-a-selecao-nacional","status":"publish","type":"post","link":"https:\/\/idoloasis.pt\/en\/goncalo-ramos-convocado-a-selecao-nacional\/","title":{"rendered":"Gon\u00e7alo Ramos convocado \u00e0 Sele\u00e7\u00e3o Nacional"},"content":{"rendered":"<p><strong>Gon\u00e7alo Ramos, atleta do SL Benfica, convocado para representar a Sele\u00e7\u00e3o Nacional U19 na Arm\u00e9nia.<\/strong><\/p>\n<p>Gon\u00e7alo Matias Ramos, atleta com 18 anos de idade representa o SL Benfica, vai representar a Sele\u00e7\u00e3o Nacional Portuguesa U19 no Europeu U19 que se realiza na Arm\u00e9nia.<\/p>\n<p>Para visualiza\u00e7\u00e3o da entrevista em v\u00eddeo pode consultar o nosso canal no Youtube: <a href=\"https:\/\/youtu.be\/qwdfzsZcNrA\">https:\/\/youtu.be\/qwdfzsZcNrA<\/a><\/p>\n","protected":false},"excerpt":{"rendered":"<p>Gon\u00e7alo Ramos, atleta do SL Benfica, convocado para representar a Sele\u00e7\u00e3o Nacional U19 na Arm\u00e9nia. Gon\u00e7alo Matias Ramos, atleta com 18 anos de idade representa o SL Benfica, vai representar a Sele\u00e7\u00e3o Nacional Portuguesa U19 no Europeu U19 que se realiza na Arm\u00e9nia. Para visualiza\u00e7\u00e3o da entrevista em v\u00eddeo pode consultar o nosso canal no [&hellip;]<\/p>\n","protected":false},"author":2,"featured_media":7378,"comment_status":"open","ping_status":"open","sticky":false,"template":"","format":"standard","meta":{"footnotes":""},"categories":[1],"tags":[],"class_list":["post-7377","post","type-post","status-publish","format-standard","has-post-thumbnail","hentry","category-sem-categoria"],"acf":[],"_links":{"self":[{"href":"https:\/\/idoloasis.pt\/en\/wp-json\/wp\/v2\/posts\/7377","targetHints":{"allow":["GET"]}}],"collection":[{"href":"https:\/\/idoloasis.pt\/en\/wp-json\/wp\/v2\/posts"}],"about":[{"href":"https:\/\/idoloasis.pt\/en\/wp-json\/wp\/v2\/types\/post"}],"author":[{"embeddable":true,"href":"https:\/\/idoloasis.pt\/en\/wp-json\/wp\/v2\/users\/2"}],"replies":[{"embeddable":true,"href":"https:\/\/idoloasis.pt\/en\/wp-json\/wp\/v2\/comments?post=7377"}],"version-history":[{"count":0,"href":"https:\/\/idoloasis.pt\/en\/wp-json\/wp\/v2\/posts\/7377\/revisions"}],"wp:featuredmedia":[{"embeddable":true,"href":"https:\/\/idoloasis.pt\/en\/wp-json\/wp\/v2\/media\/7378"}],"wp:attachment":[{"href":"https:\/\/idoloasis.pt\/en\/wp-json\/wp\/v2\/media?parent=7377"}],"wp:term":[{"taxonomy":"category","embeddable":true,"href":"https:\/\/idoloasis.pt\/en\/wp-json\/wp\/v2\/categories?post=7377"},{"taxonomy":"post_tag","embeddable":true,"href":"https:\/\/idoloasis.pt\/en\/wp-json\/wp\/v2\/tags?post=7377"}],"curies":[{"name":"wp","href":"https:\/\/api.w.org\/{rel}","templated":true}]}}