{"id":7966,"date":"2019-07-10T15:59:04","date_gmt":"2019-07-10T15:59:04","guid":{"rendered":"https:\/\/idoloasis.pt\/?p=7966"},"modified":"2019-07-10T16:04:37","modified_gmt":"2019-07-10T16:04:37","slug":"goncalo-salvador-renova-com-o-cf-benfica","status":"publish","type":"post","link":"https:\/\/idoloasis.pt\/en\/goncalo-salvador-renova-com-o-cf-benfica\/","title":{"rendered":"Gon\u00e7alo Salvador renova com o CF Benfica"},"content":{"rendered":"<p><strong>Gon\u00e7alo Salvador renova com o CF Benfica, clube que ocupou o 4\u00ba lugar do Campeonato AF Lisboa Pr\u00f3-Nacional na \u00e9poca 2018\/19.<\/strong><\/p>\n<div class=\"bio\">Gon\u00e7alo da Costa Salvador, atleta com 21 anos de idade, que realiza na perfei\u00e7\u00e3o as tarefas nas posi\u00e7\u00f5es de M\u00e9dio Defensivo e M\u00e9dio Centro.<\/div>\n","protected":false},"excerpt":{"rendered":"<p>Gon\u00e7alo Salvador renova com o CF Benfica, clube que ocupou o 4\u00ba lugar do Campeonato AF Lisboa Pr\u00f3-Nacional na \u00e9poca 2018\/19. Gon\u00e7alo da Costa Salvador, atleta com 21 anos de idade, que realiza na perfei\u00e7\u00e3o as tarefas nas posi\u00e7\u00f5es de M\u00e9dio Defensivo e M\u00e9dio Centro.<\/p>\n","protected":false},"author":2,"featured_media":7967,"comment_status":"open","ping_status":"open","sticky":false,"template":"","format":"standard","meta":{"footnotes":""},"categories":[1],"tags":[],"class_list":["post-7966","post","type-post","status-publish","format-standard","has-post-thumbnail","hentry","category-sem-categoria"],"acf":[],"_links":{"self":[{"href":"https:\/\/idoloasis.pt\/en\/wp-json\/wp\/v2\/posts\/7966","targetHints":{"allow":["GET"]}}],"collection":[{"href":"https:\/\/idoloasis.pt\/en\/wp-json\/wp\/v2\/posts"}],"about":[{"href":"https:\/\/idoloasis.pt\/en\/wp-json\/wp\/v2\/types\/post"}],"author":[{"embeddable":true,"href":"https:\/\/idoloasis.pt\/en\/wp-json\/wp\/v2\/users\/2"}],"replies":[{"embeddable":true,"href":"https:\/\/idoloasis.pt\/en\/wp-json\/wp\/v2\/comments?post=7966"}],"version-history":[{"count":0,"href":"https:\/\/idoloasis.pt\/en\/wp-json\/wp\/v2\/posts\/7966\/revisions"}],"wp:featuredmedia":[{"embeddable":true,"href":"https:\/\/idoloasis.pt\/en\/wp-json\/wp\/v2\/media\/7967"}],"wp:attachment":[{"href":"https:\/\/idoloasis.pt\/en\/wp-json\/wp\/v2\/media?parent=7966"}],"wp:term":[{"taxonomy":"category","embeddable":true,"href":"https:\/\/idoloasis.pt\/en\/wp-json\/wp\/v2\/categories?post=7966"},{"taxonomy":"post_tag","embeddable":true,"href":"https:\/\/idoloasis.pt\/en\/wp-json\/wp\/v2\/tags?post=7966"}],"curies":[{"name":"wp","href":"https:\/\/api.w.org\/{rel}","templated":true}]}}