{"id":8646,"date":"2019-07-28T22:31:18","date_gmt":"2019-07-28T22:31:18","guid":{"rendered":"https:\/\/idoloasis.pt\/?p=8646"},"modified":"2019-07-29T22:35:30","modified_gmt":"2019-07-29T22:35:30","slug":"goncalo-ramos-na-flash-interview-apos-a-final","status":"publish","type":"post","link":"https:\/\/idoloasis.pt\/en\/goncalo-ramos-na-flash-interview-apos-a-final\/","title":{"rendered":"Gon\u00e7alo Ramos na Flash Interview ap\u00f3s a Final"},"content":{"rendered":"<p><strong>Gon\u00e7alo Ramos, atleta do SL Benfica, ontem na Flash Interview ap\u00f3s a Final frente \u00e0 Espanha.<\/strong><\/p>\n<p>Gon\u00e7alo Matias Ramos, atleta com 18 anos de idade representa o SL Benfica e encontra-se ao servi\u00e7o na Sele\u00e7\u00e3o Nacional Portuguesa U19 no Europeu U19 que se realiza na Arm\u00e9nia.<\/p>\n<p>Para visualiza\u00e7\u00e3o da entrevista em v\u00eddeo pode consultar o nosso canal no Youtube:\u00a0<a href=\"https:\/\/www.youtube.com\/watch?v=owSGQ6SzSNg\">https:\/\/www.youtube.com\/watch?v=owSGQ6SzSNg<\/a><\/p>\n","protected":false},"excerpt":{"rendered":"<p>Gon\u00e7alo Ramos, atleta do SL Benfica, ontem na Flash Interview ap\u00f3s a Final frente \u00e0 Espanha. Gon\u00e7alo Matias Ramos, atleta com 18 anos de idade representa o SL Benfica e encontra-se ao servi\u00e7o na Sele\u00e7\u00e3o Nacional Portuguesa U19 no Europeu U19 que se realiza na Arm\u00e9nia. Para visualiza\u00e7\u00e3o da entrevista em v\u00eddeo pode consultar o [&hellip;]<\/p>\n","protected":false},"author":2,"featured_media":8647,"comment_status":"open","ping_status":"open","sticky":false,"template":"","format":"standard","meta":{"footnotes":""},"categories":[1],"tags":[],"class_list":["post-8646","post","type-post","status-publish","format-standard","has-post-thumbnail","hentry","category-sem-categoria"],"acf":[],"_links":{"self":[{"href":"https:\/\/idoloasis.pt\/en\/wp-json\/wp\/v2\/posts\/8646","targetHints":{"allow":["GET"]}}],"collection":[{"href":"https:\/\/idoloasis.pt\/en\/wp-json\/wp\/v2\/posts"}],"about":[{"href":"https:\/\/idoloasis.pt\/en\/wp-json\/wp\/v2\/types\/post"}],"author":[{"embeddable":true,"href":"https:\/\/idoloasis.pt\/en\/wp-json\/wp\/v2\/users\/2"}],"replies":[{"embeddable":true,"href":"https:\/\/idoloasis.pt\/en\/wp-json\/wp\/v2\/comments?post=8646"}],"version-history":[{"count":0,"href":"https:\/\/idoloasis.pt\/en\/wp-json\/wp\/v2\/posts\/8646\/revisions"}],"wp:featuredmedia":[{"embeddable":true,"href":"https:\/\/idoloasis.pt\/en\/wp-json\/wp\/v2\/media\/8647"}],"wp:attachment":[{"href":"https:\/\/idoloasis.pt\/en\/wp-json\/wp\/v2\/media?parent=8646"}],"wp:term":[{"taxonomy":"category","embeddable":true,"href":"https:\/\/idoloasis.pt\/en\/wp-json\/wp\/v2\/categories?post=8646"},{"taxonomy":"post_tag","embeddable":true,"href":"https:\/\/idoloasis.pt\/en\/wp-json\/wp\/v2\/tags?post=8646"}],"curies":[{"name":"wp","href":"https:\/\/api.w.org\/{rel}","templated":true}]}}