{"id":9798,"date":"2019-09-04T14:59:55","date_gmt":"2019-09-04T14:59:55","guid":{"rendered":"https:\/\/idoloasis.pt\/?p=9798"},"modified":"2019-09-04T14:59:55","modified_gmt":"2019-09-04T14:59:55","slug":"jorginho-intima-e-mama-balde-convocados-a-seleccao-da-guine-bissau","status":"publish","type":"post","link":"https:\/\/idoloasis.pt\/en\/jorginho-intima-e-mama-balde-convocados-a-seleccao-da-guine-bissau\/","title":{"rendered":"Jorginho Intima e Mama Bald\u00e9 convocados \u00e0 Selec\u00e7\u00e3o da Guin\u00e9 Bissau"},"content":{"rendered":"<p>Os atletas Idolo\u00e1sis Jorginho Intima e Mama Bald\u00e9 foram convocados \u00e0 Selec\u00e7\u00e3o da Guin\u00e9 Bissau para a Pr\u00e9-Eliminat\u00f3ria do Mundial 2022. Todos juntos na Sele\u00e7\u00e3o pelo mesmo objetivo\u00a0<span class=\"_5mfr\"><span class=\"_6qdm\">\ud83c\uddec\ud83c\uddfc<\/span><\/span><\/p>\n","protected":false},"excerpt":{"rendered":"<p>Os atletas Idolo\u00e1sis Jorginho Intima e Mama Bald\u00e9 foram convocados \u00e0 Selec\u00e7\u00e3o da Guin\u00e9 Bissau para a Pr\u00e9-Eliminat\u00f3ria do Mundial 2022. Todos juntos na Sele\u00e7\u00e3o pelo mesmo objetivo\u00a0\ud83c\uddec\ud83c\uddfc<\/p>\n","protected":false},"author":2,"featured_media":9799,"comment_status":"open","ping_status":"open","sticky":false,"template":"","format":"standard","meta":{"footnotes":""},"categories":[1],"tags":[],"class_list":["post-9798","post","type-post","status-publish","format-standard","has-post-thumbnail","hentry","category-sem-categoria"],"acf":[],"_links":{"self":[{"href":"https:\/\/idoloasis.pt\/en\/wp-json\/wp\/v2\/posts\/9798","targetHints":{"allow":["GET"]}}],"collection":[{"href":"https:\/\/idoloasis.pt\/en\/wp-json\/wp\/v2\/posts"}],"about":[{"href":"https:\/\/idoloasis.pt\/en\/wp-json\/wp\/v2\/types\/post"}],"author":[{"embeddable":true,"href":"https:\/\/idoloasis.pt\/en\/wp-json\/wp\/v2\/users\/2"}],"replies":[{"embeddable":true,"href":"https:\/\/idoloasis.pt\/en\/wp-json\/wp\/v2\/comments?post=9798"}],"version-history":[{"count":0,"href":"https:\/\/idoloasis.pt\/en\/wp-json\/wp\/v2\/posts\/9798\/revisions"}],"wp:featuredmedia":[{"embeddable":true,"href":"https:\/\/idoloasis.pt\/en\/wp-json\/wp\/v2\/media\/9799"}],"wp:attachment":[{"href":"https:\/\/idoloasis.pt\/en\/wp-json\/wp\/v2\/media?parent=9798"}],"wp:term":[{"taxonomy":"category","embeddable":true,"href":"https:\/\/idoloasis.pt\/en\/wp-json\/wp\/v2\/categories?post=9798"},{"taxonomy":"post_tag","embeddable":true,"href":"https:\/\/idoloasis.pt\/en\/wp-json\/wp\/v2\/tags?post=9798"}],"curies":[{"name":"wp","href":"https:\/\/api.w.org\/{rel}","templated":true}]}}